{"id":220519,"date":"2021-07-16T06:50:27","date_gmt":"2021-07-16T11:50:27","guid":{"rendered":"http:\/\/reddeportiva.net\/principal\/?p=220519"},"modified":"2021-07-16T06:50:30","modified_gmt":"2021-07-16T11:50:30","slug":"vilchez-advierte-que-hay-peligro-procesal-tras-fallo-del-pj-sobre-caso-los-dinamicos-del-centro","status":"publish","type":"post","link":"https:\/\/reddeportiva.net\/principal\/?p=220519","title":{"rendered":"V\u00edlchez advierte que \u00abhay peligro procesal\u00bb tras fallo del PJ sobre caso \u00abLos Din\u00e1micos del Centro\u00bb"},"content":{"rendered":"\n<figure class=\"wp-block-embed is-type-video is-provider-youtube wp-block-embed-youtube wp-embed-aspect-16-9 wp-has-aspect-ratio\"><div class=\"wp-block-embed__wrapper\">\n<iframe loading=\"lazy\" title=\"V\u00edlchez advierte que &quot;hay peligro procesal&quot; tras fallo del PJ sobre caso &quot;Los Din\u00e1micos del Centro&quot;\" width=\"625\" height=\"352\" src=\"https:\/\/www.youtube.com\/embed\/5yHmQGwD1Y0?feature=oembed\" frameborder=\"0\" allow=\"accelerometer; autoplay; clipboard-write; encrypted-media; gyroscope; picture-in-picture; web-share\" referrerpolicy=\"strict-origin-when-cross-origin\" allowfullscreen><\/iframe>\n<\/div><\/figure>\n\n\n\n<p>Sirvan estos nuevos v\u00eddeos para reforzar la necesidad de que la prensa acelere sus procesos para adaptarse a una nueva pol\u00edtica constructiva abandonando sus m\u00e9todos de desinformaci\u00f3n empleados a fondo durante los \u00faltimos a\u00f1os, no otro puede ser nuestro reclamo cuando escuchamos que al Dr. Castiglioni se le hacer decir lo que no ha dicho.  El problema de fondo es que el sistema de justicia debe mostrar prudencia y coherencia adem\u00e1s de celeridad, econom\u00eda y resultados tanto en el corto como en el largo plazo.  Los hechos comentados del caso \u00ablos din\u00e1micos del centro\u00bb, vistos con objetividad, pueden calificarse como adecuados a la normales dificultades para el desempe\u00f1o de cualquier autoridad en un pa\u00eds con tan bajo rendimiento y con tantas filtraciones como el nuestro.  Es por eso que ver\u00edamos con buenos ojos que los pol\u00edticos realicen r\u00e1pidos cambios a sus discursos de cr\u00edtica f\u00e1cil y apoyen la actuaci\u00f3n de toda la sociedad bajo valores y principios, con el fin de regresar a la opini\u00f3n p\u00fablica a un orden de pensamiento m\u00e1s sereno y equilibrado.  El considerar como bien intencionadas las decisiones tomadas por el sistema de justicia hasta la fecha en este caso, nos lleva a pensar que muchas de las cr\u00edticas que est\u00e1n recibiendo provienen de un sector de los intereses creados, en especial de la alianza pol\u00edtica plutocracia-caviares, ya que ponen en duda la actuaci\u00f3n del equipo lavajato y la correcci\u00f3n con la que se ha llevado el proceso contra Odebrecht y las otras empresas del club de la construcci\u00f3n.  <\/p>\n","protected":false},"excerpt":{"rendered":"<p>Sirvan estos nuevos v\u00eddeos para reforzar la necesidad de que la prensa acelere sus procesos para adaptarse a una nueva pol\u00edtica constructiva abandonando sus m\u00e9todos de desinformaci\u00f3n empleados a fondo durante los \u00faltimos a\u00f1os, no otro puede ser nuestro reclamo cuando escuchamos que al Dr. Castiglioni se le hacer decir lo que no ha dicho. [&hellip;]<\/p>\n","protected":false},"author":1,"featured_media":0,"comment_status":"closed","ping_status":"closed","sticky":false,"template":"","format":"standard","meta":{"_exactmetrics_skip_tracking":false,"_exactmetrics_sitenote_active":false,"_exactmetrics_sitenote_note":"","_exactmetrics_sitenote_category":0,"ngg_post_thumbnail":0,"footnotes":""},"categories":[36,200],"tags":[],"class_list":["post-220519","post","type-post","status-publish","format-standard","hentry","category-reddeportiva-net","category-separata-reddeportiva"],"_links":{"self":[{"href":"https:\/\/reddeportiva.net\/principal\/index.php?rest_route=\/wp\/v2\/posts\/220519","targetHints":{"allow":["GET"]}}],"collection":[{"href":"https:\/\/reddeportiva.net\/principal\/index.php?rest_route=\/wp\/v2\/posts"}],"about":[{"href":"https:\/\/reddeportiva.net\/principal\/index.php?rest_route=\/wp\/v2\/types\/post"}],"author":[{"embeddable":true,"href":"https:\/\/reddeportiva.net\/principal\/index.php?rest_route=\/wp\/v2\/users\/1"}],"replies":[{"embeddable":true,"href":"https:\/\/reddeportiva.net\/principal\/index.php?rest_route=%2Fwp%2Fv2%2Fcomments&post=220519"}],"version-history":[{"count":1,"href":"https:\/\/reddeportiva.net\/principal\/index.php?rest_route=\/wp\/v2\/posts\/220519\/revisions"}],"predecessor-version":[{"id":220520,"href":"https:\/\/reddeportiva.net\/principal\/index.php?rest_route=\/wp\/v2\/posts\/220519\/revisions\/220520"}],"wp:attachment":[{"href":"https:\/\/reddeportiva.net\/principal\/index.php?rest_route=%2Fwp%2Fv2%2Fmedia&parent=220519"}],"wp:term":[{"taxonomy":"category","embeddable":true,"href":"https:\/\/reddeportiva.net\/principal\/index.php?rest_route=%2Fwp%2Fv2%2Fcategories&post=220519"},{"taxonomy":"post_tag","embeddable":true,"href":"https:\/\/reddeportiva.net\/principal\/index.php?rest_route=%2Fwp%2Fv2%2Ftags&post=220519"}],"curies":[{"name":"wp","href":"https:\/\/api.w.org\/{rel}","templated":true}]}}