{"id":220466,"date":"2021-07-14T18:59:05","date_gmt":"2021-07-14T23:59:05","guid":{"rendered":"http:\/\/reddeportiva.net\/principal\/?p=220466"},"modified":"2021-07-14T21:36:44","modified_gmt":"2021-07-15T02:36:44","slug":"villasis-fiscal-omar-tello-realizo-una-evaluacion-politica-en-caso-los-dinamicos-del-centro","status":"publish","type":"post","link":"https:\/\/reddeportiva.net\/principal\/?p=220466","title":{"rendered":"Villas\u00eds: Fiscal Omar Tello realiz\u00f3 una \u00abevaluaci\u00f3n pol\u00edtica\u00bb en caso &#8216;Los Din\u00e1micos del Centro&#8217;"},"content":{"rendered":"\n<figure class=\"wp-block-embed is-type-video is-provider-youtube wp-block-embed-youtube wp-embed-aspect-16-9 wp-has-aspect-ratio\"><div class=\"wp-block-embed__wrapper\">\n<iframe loading=\"lazy\" title=\"Villas\u00eds: Fiscal Omar Tello realiz\u00f3 una &quot;evaluaci\u00f3n pol\u00edtica&quot; en caso &#039;Los Din\u00e1micos del Centro&#039;\" width=\"625\" height=\"352\" src=\"https:\/\/www.youtube.com\/embed\/URYVp-YHQ9s?feature=oembed\" frameborder=\"0\" allow=\"accelerometer; autoplay; clipboard-write; encrypted-media; gyroscope; picture-in-picture; web-share\" referrerpolicy=\"strict-origin-when-cross-origin\" allowfullscreen><\/iframe>\n<\/div><\/figure>\n","protected":false},"excerpt":{"rendered":"","protected":false},"author":1,"featured_media":0,"comment_status":"closed","ping_status":"closed","sticky":false,"template":"","format":"standard","meta":{"_exactmetrics_skip_tracking":false,"_exactmetrics_sitenote_active":false,"_exactmetrics_sitenote_note":"","_exactmetrics_sitenote_category":0,"ngg_post_thumbnail":0,"footnotes":""},"categories":[1303,36],"tags":[],"class_list":["post-220466","post","type-post","status-publish","format-standard","hentry","category-crimen-organizado","category-reddeportiva-net"],"_links":{"self":[{"href":"https:\/\/reddeportiva.net\/principal\/index.php?rest_route=\/wp\/v2\/posts\/220466","targetHints":{"allow":["GET"]}}],"collection":[{"href":"https:\/\/reddeportiva.net\/principal\/index.php?rest_route=\/wp\/v2\/posts"}],"about":[{"href":"https:\/\/reddeportiva.net\/principal\/index.php?rest_route=\/wp\/v2\/types\/post"}],"author":[{"embeddable":true,"href":"https:\/\/reddeportiva.net\/principal\/index.php?rest_route=\/wp\/v2\/users\/1"}],"replies":[{"embeddable":true,"href":"https:\/\/reddeportiva.net\/principal\/index.php?rest_route=%2Fwp%2Fv2%2Fcomments&post=220466"}],"version-history":[{"count":1,"href":"https:\/\/reddeportiva.net\/principal\/index.php?rest_route=\/wp\/v2\/posts\/220466\/revisions"}],"predecessor-version":[{"id":220467,"href":"https:\/\/reddeportiva.net\/principal\/index.php?rest_route=\/wp\/v2\/posts\/220466\/revisions\/220467"}],"wp:attachment":[{"href":"https:\/\/reddeportiva.net\/principal\/index.php?rest_route=%2Fwp%2Fv2%2Fmedia&parent=220466"}],"wp:term":[{"taxonomy":"category","embeddable":true,"href":"https:\/\/reddeportiva.net\/principal\/index.php?rest_route=%2Fwp%2Fv2%2Fcategories&post=220466"},{"taxonomy":"post_tag","embeddable":true,"href":"https:\/\/reddeportiva.net\/principal\/index.php?rest_route=%2Fwp%2Fv2%2Ftags&post=220466"}],"curies":[{"name":"wp","href":"https:\/\/api.w.org\/{rel}","templated":true}]}}