{"id":220448,"date":"2021-07-13T17:57:14","date_gmt":"2021-07-13T22:57:14","guid":{"rendered":"http:\/\/reddeportiva.net\/principal\/?p=220448"},"modified":"2021-07-13T17:57:18","modified_gmt":"2021-07-13T22:57:18","slug":"elecciones-en-peru-que-tiene-que-pasar-para-que-declaren-al-ganador-de-las-presidenciales","status":"publish","type":"post","link":"https:\/\/reddeportiva.net\/principal\/?p=220448","title":{"rendered":"Elecciones en Per\u00fa: qu\u00e9 tiene que pasar para que declaren al ganador de las presidenciales"},"content":{"rendered":"\n<figure class=\"wp-block-embed is-type-video is-provider-youtube wp-block-embed-youtube wp-embed-aspect-16-9 wp-has-aspect-ratio\"><div class=\"wp-block-embed__wrapper\">\n<iframe loading=\"lazy\" title=\"Elecciones en Per\u00fa: qu\u00e9 tiene que pasar para que declaren al ganador de las presidenciales\" width=\"625\" height=\"352\" src=\"https:\/\/www.youtube.com\/embed\/NQ31kCT0jic?feature=oembed\" frameborder=\"0\" allow=\"accelerometer; autoplay; clipboard-write; encrypted-media; gyroscope; picture-in-picture; web-share\" referrerpolicy=\"strict-origin-when-cross-origin\" allowfullscreen><\/iframe>\n<\/div><\/figure>\n\n\n\n<p>Contin\u00faa una campa\u00f1a de desinformaci\u00f3n la cual impide que los peruanos nos demos cuenta de lo que realmente nos est\u00e1 sucediendo y adoptemos narrativas orientadas a justificar un proceso pol\u00edtico y electoral que nos lleva por el camino del subdesarrollo, la p\u00e9rdida de oportunidades, el trato abusivo en el que el pueblo no recibe un m\u00ednimo de servicios sociales acorde con los derechos fundamentales, etc.  La desprotecci\u00f3n p\u00fablica de la ciudadan\u00eda es tal, que tanto el Poder Judicial como el Ministerio P\u00fablico no parecen dar en el blanco de sus responsabilidades, lo que significar\u00e1 altos peajes, falta de resultados en los procesos anticorrupci\u00f3n, no extradici\u00f3n de Alejandro Toledo, aprovechamiento inmoral del Presupuesto Nacional, abandono de proyectos orientados a dar trabajo digno al enorme sector de informalidad, abusos de poder, impunidad del crimen organizado, desprotecci\u00f3n ante la delincuencia com\u00fan, persecuci\u00f3n pol\u00edtica, econ\u00f3mica y hasta social, entre muchos otros males.  Viendo los hechos, es claro que estamos asistiendo a la confirmaci\u00f3n de la existencia de un sector de la ultraderecha (al que denominamos como plut\u00f3cratas) logrando acuerdos bajo la mesa con un sector de advenedizos practicantes del doble patr\u00f3n de conducta que renuevan su alianza pol\u00edtica con un nuevo pacto al cual en lo sucesivo podr\u00edamos denominar \u00abhoja de ruta 2.0\u00bb.  Esta alianza quedar\u00e1 evidente cuando veamos a los mismos \u00abprofesionales\u00bb, que administraron el Estado desde el a\u00f1o 2000 hasta la fecha (los cuales ser\u00e1n reconocidos como integrantes del sector \u00abcaviar\u00bb), volver a los puestos p\u00fablicos con lo que solo garantizar\u00e1n la repetici\u00f3n de las pol\u00edticas que fueron avasallando progresivamente el poder leg\u00edtimo durante los \u00faltimos 20 de gobierno y que terminaron con la mayor mortandad de nuestra historia, con r\u00e9cord mundial inclusive, derivada de la pandemia; que bien pudo recibir un tratamiento distinto, pero se prefiri\u00f3 el enga\u00f1o a trav\u00e9s de una prensa c\u00f3mplice sometida a poderes adictos al empleo de pol\u00edticas de desinformaci\u00f3n, de lo cual la opini\u00f3n p\u00fablica reci\u00e9n est\u00e1 tomando conciencia.<\/p>\n","protected":false},"excerpt":{"rendered":"<p>Contin\u00faa una campa\u00f1a de desinformaci\u00f3n la cual impide que los peruanos nos demos cuenta de lo que realmente nos est\u00e1 sucediendo y adoptemos narrativas orientadas a justificar un proceso pol\u00edtico y electoral que nos lleva por el camino del subdesarrollo, la p\u00e9rdida de oportunidades, el trato abusivo en el que el pueblo no recibe un [&hellip;]<\/p>\n","protected":false},"author":1,"featured_media":0,"comment_status":"closed","ping_status":"closed","sticky":false,"template":"","format":"standard","meta":{"_exactmetrics_skip_tracking":false,"_exactmetrics_sitenote_active":false,"_exactmetrics_sitenote_note":"","_exactmetrics_sitenote_category":0,"ngg_post_thumbnail":0,"footnotes":""},"categories":[36,200],"tags":[],"class_list":["post-220448","post","type-post","status-publish","format-standard","hentry","category-reddeportiva-net","category-separata-reddeportiva"],"_links":{"self":[{"href":"https:\/\/reddeportiva.net\/principal\/index.php?rest_route=\/wp\/v2\/posts\/220448","targetHints":{"allow":["GET"]}}],"collection":[{"href":"https:\/\/reddeportiva.net\/principal\/index.php?rest_route=\/wp\/v2\/posts"}],"about":[{"href":"https:\/\/reddeportiva.net\/principal\/index.php?rest_route=\/wp\/v2\/types\/post"}],"author":[{"embeddable":true,"href":"https:\/\/reddeportiva.net\/principal\/index.php?rest_route=\/wp\/v2\/users\/1"}],"replies":[{"embeddable":true,"href":"https:\/\/reddeportiva.net\/principal\/index.php?rest_route=%2Fwp%2Fv2%2Fcomments&post=220448"}],"version-history":[{"count":1,"href":"https:\/\/reddeportiva.net\/principal\/index.php?rest_route=\/wp\/v2\/posts\/220448\/revisions"}],"predecessor-version":[{"id":220449,"href":"https:\/\/reddeportiva.net\/principal\/index.php?rest_route=\/wp\/v2\/posts\/220448\/revisions\/220449"}],"wp:attachment":[{"href":"https:\/\/reddeportiva.net\/principal\/index.php?rest_route=%2Fwp%2Fv2%2Fmedia&parent=220448"}],"wp:term":[{"taxonomy":"category","embeddable":true,"href":"https:\/\/reddeportiva.net\/principal\/index.php?rest_route=%2Fwp%2Fv2%2Fcategories&post=220448"},{"taxonomy":"post_tag","embeddable":true,"href":"https:\/\/reddeportiva.net\/principal\/index.php?rest_route=%2Fwp%2Fv2%2Ftags&post=220448"}],"curies":[{"name":"wp","href":"https:\/\/api.w.org\/{rel}","templated":true}]}}