{"id":220418,"date":"2021-07-11T11:15:03","date_gmt":"2021-07-11T16:15:03","guid":{"rendered":"http:\/\/reddeportiva.net\/principal\/?p=220418"},"modified":"2021-07-12T06:33:45","modified_gmt":"2021-07-12T11:33:45","slug":"jose-ugaz-el-congreso-busca-perennizar-un-interes-que-los-cubra-el-dia-de-ma","status":"publish","type":"post","link":"https:\/\/reddeportiva.net\/principal\/?p=220418","title":{"rendered":"Jos\u00e9 Ugaz: \u201cEl Congreso busca perennizar un inter\u00e9s que los cubra el d\u00eda de ma"},"content":{"rendered":"\n<figure class=\"wp-block-embed is-type-video is-provider-youtube wp-block-embed-youtube wp-embed-aspect-16-9 wp-has-aspect-ratio\"><div class=\"wp-block-embed__wrapper\">\n<iframe loading=\"lazy\" title=\"Jos\u00e9 Ugaz: \u201cEl Congreso busca perennizar un inter\u00e9s que los cubra el d\u00eda de ma\" width=\"625\" height=\"352\" src=\"https:\/\/www.youtube.com\/embed\/Ggok4g49rYo?feature=oembed\" frameborder=\"0\" allow=\"accelerometer; autoplay; clipboard-write; encrypted-media; gyroscope; picture-in-picture; web-share\" referrerpolicy=\"strict-origin-when-cross-origin\" allowfullscreen><\/iframe>\n<\/div><\/figure>\n\n\n\n<p>Nuevamente les adjuntamos un v\u00eddeo que es un ejemplo de desinformaci\u00f3n cuando se habla de los ausentes que no se pueden defender; como de lavada de manos cuando se habla de una sociedad peruana corrupta, pero nada se dice que \u00e9sta es v\u00edctima de una alianza pol\u00edtica que utiliza a los medios de comunicaci\u00f3n para levantar la imagen de personas que no tienen representaci\u00f3n alguna, como tambi\u00e9n de personas mediocres que se prestan al sabotaje con iniciativas controvertidas que permiten a la prensa desacreditar a grupos pol\u00edticos democr\u00e1ticos v\u00edctimas de casos de infiltraci\u00f3n  dif\u00edciles de controlar.  Los peruanos debemos tomar conciencia sobre determinados hechos, de los que no se habla, porque constituyen la \u00fanica verdad de la pol\u00edtica peruana en los \u00faltimos 20 a\u00f1os: La sociedad peruana est\u00e1 siendo sometida a un ataque pol\u00edtico totalitario desde el a\u00f1o 2000, ejecutado por una alianza pol\u00edtica compuesta por una plutocracia (relativamente peque\u00f1a en n\u00famero) y otro grupo practicante del doble patr\u00f3n de conducta en el que destaca un subgrupo denominado \u00abcaviares\u00bb.  La exitosa campa\u00f1a ejecutada por esta alianza pol\u00edtica se bas\u00f3 en la utilizaci\u00f3n del \u00abodio\u00bb como herramienta estrat\u00e9gica para desacreditar a los contrarios, tal como lo hiciera Hitler para lograr el control de Alemania.   Una campa\u00f1a de odio tiene como consecuencia la destrucci\u00f3n de toda escala de valores ya que introduce la ley de la selva donde las reglas desaparecen creando espacios para que aparezcan incongruencias y contradicciones al consagrar gobiernos dictatoriales proclives a la persecuci\u00f3n; a la vez que desequilibran la normal y cotidiana vida en sociedad derivando el comportamiento social hacia la violencia y la falta de garant\u00edas para una convivencia social que salvaguarde los derechos m\u00e1s elementales.  De lo que no est\u00e1n conscientes estos grupos dominantes es que el pueblo peruano ha tomado conocimiento de esta estrategia y est\u00e1 reaccionando contra el copamiento del Estado impuesto por una banda de \u00abamigos\u00bb, que ya no cuenta con una prensa monocorde e \u00abincondicional\u00bb, cuyo \u00faltimo intento es lograr un fraude electoral de imprevisibles consecuencias; as\u00ed como de la profunda convicci\u00f3n democr\u00e1tica del pueblo peruano cuya adherencia a los valores de libertad, consagraci\u00f3n y respeto son ejemplo para la comunidad internacional desde la cual nos quieren dar lecciones de comportamientos antirracistas y de tolerancia que significar\u00edan un retroceso a lo logrado por nosotros.<\/p>\n","protected":false},"excerpt":{"rendered":"<p>Nuevamente les adjuntamos un v\u00eddeo que es un ejemplo de desinformaci\u00f3n cuando se habla de los ausentes que no se pueden defender; como de lavada de manos cuando se habla de una sociedad peruana corrupta, pero nada se dice que \u00e9sta es v\u00edctima de una alianza pol\u00edtica que utiliza a los medios de comunicaci\u00f3n para [&hellip;]<\/p>\n","protected":false},"author":1,"featured_media":0,"comment_status":"closed","ping_status":"closed","sticky":false,"template":"","format":"standard","meta":{"_exactmetrics_skip_tracking":false,"_exactmetrics_sitenote_active":false,"_exactmetrics_sitenote_note":"","_exactmetrics_sitenote_category":0,"ngg_post_thumbnail":0,"footnotes":""},"categories":[1319,36,1346,200],"tags":[],"class_list":["post-220418","post","type-post","status-publish","format-standard","hentry","category-ideologizacion","category-reddeportiva-net","category-represion","category-separata-reddeportiva"],"_links":{"self":[{"href":"https:\/\/reddeportiva.net\/principal\/index.php?rest_route=\/wp\/v2\/posts\/220418","targetHints":{"allow":["GET"]}}],"collection":[{"href":"https:\/\/reddeportiva.net\/principal\/index.php?rest_route=\/wp\/v2\/posts"}],"about":[{"href":"https:\/\/reddeportiva.net\/principal\/index.php?rest_route=\/wp\/v2\/types\/post"}],"author":[{"embeddable":true,"href":"https:\/\/reddeportiva.net\/principal\/index.php?rest_route=\/wp\/v2\/users\/1"}],"replies":[{"embeddable":true,"href":"https:\/\/reddeportiva.net\/principal\/index.php?rest_route=%2Fwp%2Fv2%2Fcomments&post=220418"}],"version-history":[{"count":1,"href":"https:\/\/reddeportiva.net\/principal\/index.php?rest_route=\/wp\/v2\/posts\/220418\/revisions"}],"predecessor-version":[{"id":220419,"href":"https:\/\/reddeportiva.net\/principal\/index.php?rest_route=\/wp\/v2\/posts\/220418\/revisions\/220419"}],"wp:attachment":[{"href":"https:\/\/reddeportiva.net\/principal\/index.php?rest_route=%2Fwp%2Fv2%2Fmedia&parent=220418"}],"wp:term":[{"taxonomy":"category","embeddable":true,"href":"https:\/\/reddeportiva.net\/principal\/index.php?rest_route=%2Fwp%2Fv2%2Fcategories&post=220418"},{"taxonomy":"post_tag","embeddable":true,"href":"https:\/\/reddeportiva.net\/principal\/index.php?rest_route=%2Fwp%2Fv2%2Ftags&post=220418"}],"curies":[{"name":"wp","href":"https:\/\/api.w.org\/{rel}","templated":true}]}}