{"id":220356,"date":"2021-07-03T09:51:46","date_gmt":"2021-07-03T14:51:46","guid":{"rendered":"http:\/\/reddeportiva.net\/principal\/?p=220356"},"modified":"2021-07-12T06:54:28","modified_gmt":"2021-07-12T11:54:28","slug":"entrevistas-de-eleccion-de-magistrados-al-tc-hubo-malas-preguntas-y-respuestas","status":"publish","type":"post","link":"https:\/\/reddeportiva.net\/principal\/?p=220356","title":{"rendered":"Entrevistas de elecci\u00f3n de magistrados al TC: \u201cHubo malas preguntas y respuestas\u201d"},"content":{"rendered":"\n<figure class=\"wp-block-embed is-type-video is-provider-youtube wp-block-embed-youtube wp-embed-aspect-16-9 wp-has-aspect-ratio\"><div class=\"wp-block-embed__wrapper\">\n<iframe loading=\"lazy\" title=\"Entrevistas de elecci\u00f3n de magistrados al TC: \u201cHubo malas preguntas y respuestas\u201d\" width=\"625\" height=\"352\" src=\"https:\/\/www.youtube.com\/embed\/CcXzYIbZsX0?feature=oembed\" frameborder=\"0\" allow=\"accelerometer; autoplay; clipboard-write; encrypted-media; gyroscope; picture-in-picture; web-share\" referrerpolicy=\"strict-origin-when-cross-origin\" allowfullscreen><\/iframe>\n<\/div><\/figure>\n\n\n\n<p>M\u00e1s informaci\u00f3n para enriquecer la evaluaci\u00f3n del momento pol\u00edtico que estamos viviendo y la importancia de contar con un buen Sistema Constitucional el cual debe contar con la posibilidad de poder ser perfeccionado en el tiempo.  Los problemas pol\u00edticos actuales del Per\u00fa son muy grandes y poca conciencia se tiene de ellos.  En nota anterior hemos hablado de las reformas de segunda generaci\u00f3n que quedaron pendientes, pero tambi\u00e9n debemos decir que muy poco se ha dicho sobre los reales abusos de posici\u00f3n de dominio que se han producido en nuestro pa\u00eds y contra los cuales la sociedad no ha contado con organizaci\u00f3n que sea capaz de defenderla.<\/p>\n","protected":false},"excerpt":{"rendered":"<p>M\u00e1s informaci\u00f3n para enriquecer la evaluaci\u00f3n del momento pol\u00edtico que estamos viviendo y la importancia de contar con un buen Sistema Constitucional el cual debe contar con la posibilidad de poder ser perfeccionado en el tiempo. Los problemas pol\u00edticos actuales del Per\u00fa son muy grandes y poca conciencia se tiene de ellos. En nota anterior [&hellip;]<\/p>\n","protected":false},"author":1,"featured_media":0,"comment_status":"closed","ping_status":"closed","sticky":false,"template":"","format":"standard","meta":{"_exactmetrics_skip_tracking":false,"_exactmetrics_sitenote_active":false,"_exactmetrics_sitenote_note":"","_exactmetrics_sitenote_category":0,"ngg_post_thumbnail":0,"footnotes":""},"categories":[1319,36,1346,200],"tags":[],"class_list":["post-220356","post","type-post","status-publish","format-standard","hentry","category-ideologizacion","category-reddeportiva-net","category-represion","category-separata-reddeportiva"],"_links":{"self":[{"href":"https:\/\/reddeportiva.net\/principal\/index.php?rest_route=\/wp\/v2\/posts\/220356","targetHints":{"allow":["GET"]}}],"collection":[{"href":"https:\/\/reddeportiva.net\/principal\/index.php?rest_route=\/wp\/v2\/posts"}],"about":[{"href":"https:\/\/reddeportiva.net\/principal\/index.php?rest_route=\/wp\/v2\/types\/post"}],"author":[{"embeddable":true,"href":"https:\/\/reddeportiva.net\/principal\/index.php?rest_route=\/wp\/v2\/users\/1"}],"replies":[{"embeddable":true,"href":"https:\/\/reddeportiva.net\/principal\/index.php?rest_route=%2Fwp%2Fv2%2Fcomments&post=220356"}],"version-history":[{"count":1,"href":"https:\/\/reddeportiva.net\/principal\/index.php?rest_route=\/wp\/v2\/posts\/220356\/revisions"}],"predecessor-version":[{"id":220357,"href":"https:\/\/reddeportiva.net\/principal\/index.php?rest_route=\/wp\/v2\/posts\/220356\/revisions\/220357"}],"wp:attachment":[{"href":"https:\/\/reddeportiva.net\/principal\/index.php?rest_route=%2Fwp%2Fv2%2Fmedia&parent=220356"}],"wp:term":[{"taxonomy":"category","embeddable":true,"href":"https:\/\/reddeportiva.net\/principal\/index.php?rest_route=%2Fwp%2Fv2%2Fcategories&post=220356"},{"taxonomy":"post_tag","embeddable":true,"href":"https:\/\/reddeportiva.net\/principal\/index.php?rest_route=%2Fwp%2Fv2%2Ftags&post=220356"}],"curies":[{"name":"wp","href":"https:\/\/api.w.org\/{rel}","templated":true}]}}