{"id":220271,"date":"2021-06-25T18:38:25","date_gmt":"2021-06-25T23:38:25","guid":{"rendered":"http:\/\/reddeportiva.net\/principal\/?p=220271"},"modified":"2021-06-25T18:38:29","modified_gmt":"2021-06-25T23:38:29","slug":"carmen-mcevoy-la-lucha-por-el-poder-esta-desatada-me-preocupa-que-termine-en-violencia","status":"publish","type":"post","link":"https:\/\/reddeportiva.net\/principal\/?p=220271","title":{"rendered":"Carmen McEvoy: \u201cLa lucha por el poder est\u00e1 desatada, me preocupa que termine en violencia\u201d"},"content":{"rendered":"\n<figure class=\"wp-block-embed is-type-video is-provider-youtube wp-block-embed-youtube wp-embed-aspect-16-9 wp-has-aspect-ratio\"><div class=\"wp-block-embed__wrapper\">\n<iframe loading=\"lazy\" title=\"Carmen McEvoy: \u201cLa lucha por el poder est\u00e1 desatada, me preocupa que termine en violencia\u201d\" width=\"625\" height=\"352\" src=\"https:\/\/www.youtube.com\/embed\/2kKpbm2y2D0?feature=oembed\" frameborder=\"0\" allow=\"accelerometer; autoplay; clipboard-write; encrypted-media; gyroscope; picture-in-picture; web-share\" referrerpolicy=\"strict-origin-when-cross-origin\" allowfullscreen><\/iframe>\n<\/div><\/figure>\n\n\n\n<p>Nuevamente les presentamos un claro caso de manipulaci\u00f3n de la opini\u00f3n p\u00fablica con la intenci\u00f3n de construir la gran vitrina con la que a base de medias verdades van dando forma a una narrativa con la que echan barro con ventilador sobre los contrarios.\u00a0 Claramente omiten que se puede decir que un grupo de constructores nacionales se junt\u00f3 con poderosos constructores extranjeros y ejecutaron con el apoyo de la gran prensa la m\u00e1s grande estafa que todav\u00eda no la hemos pagado ya que mediante maniobras financieras han diferido el pago de la misma por los pr\u00f3ximos 40 a\u00f1os. \u00a0Esto es muy lamentable si se tiene en cuenta que fue un gobierno municipal de izquierda quien acord\u00f3 que fueran los pobres quienes sufrieran la carga del pago, al parecer bajo el principio de agudizar las contradicciones.\u00a0 En la pol\u00edtica peruana de hoy en d\u00eda parece m\u00e1s cierto que nunca el dicho de \u201cdime de qu\u00e9 te vanaglorias y te dir\u00e9 de qu\u00e9 adoleces\u201d.\u00a0 Consecuentemente, no se f\u00eden del tono de dulzura conque ha sido presentado el v\u00eddeo.<\/p>\n","protected":false},"excerpt":{"rendered":"<p>Nuevamente les presentamos un claro caso de manipulaci\u00f3n de la opini\u00f3n p\u00fablica con la intenci\u00f3n de construir la gran vitrina con la que a base de medias verdades van dando forma a una narrativa con la que echan barro con ventilador sobre los contrarios.\u00a0 Claramente omiten que se puede decir que un grupo de constructores [&hellip;]<\/p>\n","protected":false},"author":1,"featured_media":0,"comment_status":"closed","ping_status":"closed","sticky":false,"template":"","format":"standard","meta":{"_exactmetrics_skip_tracking":false,"_exactmetrics_sitenote_active":false,"_exactmetrics_sitenote_note":"","_exactmetrics_sitenote_category":0,"ngg_post_thumbnail":0,"footnotes":""},"categories":[36,200],"tags":[],"class_list":["post-220271","post","type-post","status-publish","format-standard","hentry","category-reddeportiva-net","category-separata-reddeportiva"],"_links":{"self":[{"href":"https:\/\/reddeportiva.net\/principal\/index.php?rest_route=\/wp\/v2\/posts\/220271","targetHints":{"allow":["GET"]}}],"collection":[{"href":"https:\/\/reddeportiva.net\/principal\/index.php?rest_route=\/wp\/v2\/posts"}],"about":[{"href":"https:\/\/reddeportiva.net\/principal\/index.php?rest_route=\/wp\/v2\/types\/post"}],"author":[{"embeddable":true,"href":"https:\/\/reddeportiva.net\/principal\/index.php?rest_route=\/wp\/v2\/users\/1"}],"replies":[{"embeddable":true,"href":"https:\/\/reddeportiva.net\/principal\/index.php?rest_route=%2Fwp%2Fv2%2Fcomments&post=220271"}],"version-history":[{"count":1,"href":"https:\/\/reddeportiva.net\/principal\/index.php?rest_route=\/wp\/v2\/posts\/220271\/revisions"}],"predecessor-version":[{"id":220272,"href":"https:\/\/reddeportiva.net\/principal\/index.php?rest_route=\/wp\/v2\/posts\/220271\/revisions\/220272"}],"wp:attachment":[{"href":"https:\/\/reddeportiva.net\/principal\/index.php?rest_route=%2Fwp%2Fv2%2Fmedia&parent=220271"}],"wp:term":[{"taxonomy":"category","embeddable":true,"href":"https:\/\/reddeportiva.net\/principal\/index.php?rest_route=%2Fwp%2Fv2%2Fcategories&post=220271"},{"taxonomy":"post_tag","embeddable":true,"href":"https:\/\/reddeportiva.net\/principal\/index.php?rest_route=%2Fwp%2Fv2%2Ftags&post=220271"}],"curies":[{"name":"wp","href":"https:\/\/api.w.org\/{rel}","templated":true}]}}