{"id":220269,"date":"2021-06-25T17:51:34","date_gmt":"2021-06-25T22:51:34","guid":{"rendered":"http:\/\/reddeportiva.net\/principal\/?p=220269"},"modified":"2021-06-25T17:51:39","modified_gmt":"2021-06-25T22:51:39","slug":"esto-dijo-cesar-combina-sobre-declinacion-de-luis-arce-al-pleno-del-jne","status":"publish","type":"post","link":"https:\/\/reddeportiva.net\/principal\/?p=220269","title":{"rendered":"Esto dijo C\u00e9sar Combina sobre declinaci\u00f3n de Luis Arce al pleno del JNE"},"content":{"rendered":"\n<figure class=\"wp-block-embed is-type-video is-provider-youtube wp-block-embed-youtube wp-embed-aspect-16-9 wp-has-aspect-ratio\"><div class=\"wp-block-embed__wrapper\">\n<iframe loading=\"lazy\" title=\"Esto dijo C\u00e9sar Combina sobre declinaci\u00f3n de Luis Arce al pleno del JNE\" width=\"625\" height=\"352\" src=\"https:\/\/www.youtube.com\/embed\/7D-g9RvGJ8Y?feature=oembed\" frameborder=\"0\" allow=\"accelerometer; autoplay; clipboard-write; encrypted-media; gyroscope; picture-in-picture; web-share\" referrerpolicy=\"strict-origin-when-cross-origin\" allowfullscreen><\/iframe>\n<\/div><\/figure>\n\n\n\n<p>En el presente muro hemos sostenido que para tener un alto grado de certeza sobre lo que realmente est\u00e1 sucediendo en nuestro pa\u00eds es necesario contar con un modelo pol\u00edtico de c\u00f3mo funciona la sociedad y que su utilidad quede demostrada en los hechos.  Ustedes pueden revisar todo lo publicado por nosotros y comprobar la certeza con la que nos anticipamos al maltrato que recibir\u00eda el pueblo peruano con las medidas iniciales que tom\u00f3 el gobierno con ocasi\u00f3n de la pandemia.  Desde nuestro punto de vista, la gran responsable del grav\u00edsimo mal momento que estamos viviendo es una alianza pol\u00edtica de plut\u00f3cratas y un sector importante de los practicantes del doble patr\u00f3n de conducta conocidos bajo la denominaci\u00f3n general de \u00abcaviares\u00bb.  Esta alianza se inicia 20 a\u00f1os atr\u00e1s y puso en marcha una estrategia con la intenci\u00f3n de apoderarse del Estado para lo que fue necesario crear un sistema de gobierno paralelo denominado \u00abAcuerdo Nacional\u00bb que hizo todo lo posible por destruir la pobre institucionalidad existente en un pa\u00eds que se estaba adecuando a los recientes principios econ\u00f3micos aprobados a partir de una nueva pol\u00edtica de \u00abapertura al comercio exterior\u00bb en el a\u00f1o 1993 (que diera los buenos resultados econ\u00f3micos que hoy d\u00eda registran las estad\u00edsticas) la cual debi\u00f3 ser seguida por reformas de segundo nivel destinadas a controlar los abusos de posici\u00f3n de dominio y otras deficiencias del mercado.  Sin embargo sucedi\u00f3 todo lo contrario al caer los gobiernos en manos del club de la construcci\u00f3n y otras empresas constructoras brasileras, que la mencionada alianza pol\u00edtica busc\u00f3 favorecer.  No se puede dejar de mencionar que esta estrategia de dominaci\u00f3n de la sociedad peruana nunca hubiera sido posible de no contar con el interesado apoyo de los grandes medios period\u00edsticos a los cuales se les debe considerar c\u00f3mplices de los graves da\u00f1os que se nos ha ocasionado.<\/p>\n","protected":false},"excerpt":{"rendered":"<p>En el presente muro hemos sostenido que para tener un alto grado de certeza sobre lo que realmente est\u00e1 sucediendo en nuestro pa\u00eds es necesario contar con un modelo pol\u00edtico de c\u00f3mo funciona la sociedad y que su utilidad quede demostrada en los hechos. Ustedes pueden revisar todo lo publicado por nosotros y comprobar la [&hellip;]<\/p>\n","protected":false},"author":1,"featured_media":0,"comment_status":"closed","ping_status":"closed","sticky":false,"template":"","format":"standard","meta":{"_exactmetrics_skip_tracking":false,"_exactmetrics_sitenote_active":false,"_exactmetrics_sitenote_note":"","_exactmetrics_sitenote_category":0,"ngg_post_thumbnail":0,"footnotes":""},"categories":[36,200],"tags":[],"class_list":["post-220269","post","type-post","status-publish","format-standard","hentry","category-reddeportiva-net","category-separata-reddeportiva"],"_links":{"self":[{"href":"https:\/\/reddeportiva.net\/principal\/index.php?rest_route=\/wp\/v2\/posts\/220269","targetHints":{"allow":["GET"]}}],"collection":[{"href":"https:\/\/reddeportiva.net\/principal\/index.php?rest_route=\/wp\/v2\/posts"}],"about":[{"href":"https:\/\/reddeportiva.net\/principal\/index.php?rest_route=\/wp\/v2\/types\/post"}],"author":[{"embeddable":true,"href":"https:\/\/reddeportiva.net\/principal\/index.php?rest_route=\/wp\/v2\/users\/1"}],"replies":[{"embeddable":true,"href":"https:\/\/reddeportiva.net\/principal\/index.php?rest_route=%2Fwp%2Fv2%2Fcomments&post=220269"}],"version-history":[{"count":1,"href":"https:\/\/reddeportiva.net\/principal\/index.php?rest_route=\/wp\/v2\/posts\/220269\/revisions"}],"predecessor-version":[{"id":220270,"href":"https:\/\/reddeportiva.net\/principal\/index.php?rest_route=\/wp\/v2\/posts\/220269\/revisions\/220270"}],"wp:attachment":[{"href":"https:\/\/reddeportiva.net\/principal\/index.php?rest_route=%2Fwp%2Fv2%2Fmedia&parent=220269"}],"wp:term":[{"taxonomy":"category","embeddable":true,"href":"https:\/\/reddeportiva.net\/principal\/index.php?rest_route=%2Fwp%2Fv2%2Fcategories&post=220269"},{"taxonomy":"post_tag","embeddable":true,"href":"https:\/\/reddeportiva.net\/principal\/index.php?rest_route=%2Fwp%2Fv2%2Ftags&post=220269"}],"curies":[{"name":"wp","href":"https:\/\/api.w.org\/{rel}","templated":true}]}}