{"id":220256,"date":"2021-06-24T07:02:21","date_gmt":"2021-06-24T12:02:21","guid":{"rendered":"http:\/\/reddeportiva.net\/principal\/?p=220256"},"modified":"2021-06-24T07:02:23","modified_gmt":"2021-06-24T12:02:23","slug":"la-ivermectina-es-un-medicamento-seguro-para-combatir-la-covid-19-jose-luis-duran","status":"publish","type":"post","link":"https:\/\/reddeportiva.net\/principal\/?p=220256","title":{"rendered":"La Ivermectina es un medicamento seguro para combatir la COVID-19: Jos\u00e9 Luis Dur\u00e1n"},"content":{"rendered":"\n<figure class=\"wp-block-embed is-type-video is-provider-youtube wp-block-embed-youtube wp-embed-aspect-16-9 wp-has-aspect-ratio\"><div class=\"wp-block-embed__wrapper\">\n<iframe loading=\"lazy\" title=\"La Ivermectina es un medicamento seguro para combatir la COVID-19: Jos\u00e9 Luis Dur\u00e1n\" width=\"625\" height=\"352\" src=\"https:\/\/www.youtube.com\/embed\/WyEP-tFRA-M?feature=oembed\" frameborder=\"0\" allow=\"accelerometer; autoplay; clipboard-write; encrypted-media; gyroscope; picture-in-picture; web-share\" referrerpolicy=\"strict-origin-when-cross-origin\" allowfullscreen><\/iframe>\n<\/div><\/figure>\n\n\n\n<p>Insistimos en que el gobierno tiene que incorporar en sus planes un concepto de \u00ab0 defunciones\u00bb por la pandemia.  Este plan debe servir a la primera l\u00ednea de atenci\u00f3n al p\u00fablico como gu\u00eda para conseguir un \u00f3ptimo uso de los recursos disponibles.<\/p>\n","protected":false},"excerpt":{"rendered":"<p>Insistimos en que el gobierno tiene que incorporar en sus planes un concepto de \u00ab0 defunciones\u00bb por la pandemia. Este plan debe servir a la primera l\u00ednea de atenci\u00f3n al p\u00fablico como gu\u00eda para conseguir un \u00f3ptimo uso de los recursos disponibles.<\/p>\n","protected":false},"author":1,"featured_media":0,"comment_status":"closed","ping_status":"closed","sticky":false,"template":"","format":"standard","meta":{"_exactmetrics_skip_tracking":false,"_exactmetrics_sitenote_active":false,"_exactmetrics_sitenote_note":"","_exactmetrics_sitenote_category":0,"ngg_post_thumbnail":0,"footnotes":""},"categories":[1284,584,36,200,1302],"tags":[],"class_list":["post-220256","post","type-post","status-publish","format-standard","hentry","category-higiene-salud","category-proyecciones-salud","category-reddeportiva-net","category-separata-reddeportiva","category-tratamiento-higiene-salud"],"_links":{"self":[{"href":"https:\/\/reddeportiva.net\/principal\/index.php?rest_route=\/wp\/v2\/posts\/220256","targetHints":{"allow":["GET"]}}],"collection":[{"href":"https:\/\/reddeportiva.net\/principal\/index.php?rest_route=\/wp\/v2\/posts"}],"about":[{"href":"https:\/\/reddeportiva.net\/principal\/index.php?rest_route=\/wp\/v2\/types\/post"}],"author":[{"embeddable":true,"href":"https:\/\/reddeportiva.net\/principal\/index.php?rest_route=\/wp\/v2\/users\/1"}],"replies":[{"embeddable":true,"href":"https:\/\/reddeportiva.net\/principal\/index.php?rest_route=%2Fwp%2Fv2%2Fcomments&post=220256"}],"version-history":[{"count":1,"href":"https:\/\/reddeportiva.net\/principal\/index.php?rest_route=\/wp\/v2\/posts\/220256\/revisions"}],"predecessor-version":[{"id":220257,"href":"https:\/\/reddeportiva.net\/principal\/index.php?rest_route=\/wp\/v2\/posts\/220256\/revisions\/220257"}],"wp:attachment":[{"href":"https:\/\/reddeportiva.net\/principal\/index.php?rest_route=%2Fwp%2Fv2%2Fmedia&parent=220256"}],"wp:term":[{"taxonomy":"category","embeddable":true,"href":"https:\/\/reddeportiva.net\/principal\/index.php?rest_route=%2Fwp%2Fv2%2Fcategories&post=220256"},{"taxonomy":"post_tag","embeddable":true,"href":"https:\/\/reddeportiva.net\/principal\/index.php?rest_route=%2Fwp%2Fv2%2Ftags&post=220256"}],"curies":[{"name":"wp","href":"https:\/\/api.w.org\/{rel}","templated":true}]}}