{"id":220245,"date":"2021-06-22T09:06:44","date_gmt":"2021-06-22T14:06:44","guid":{"rendered":"http:\/\/reddeportiva.net\/principal\/?p=220245"},"modified":"2021-06-22T09:06:48","modified_gmt":"2021-06-22T14:06:48","slug":"empresas-y-derechos-humanos-el-montonero","status":"publish","type":"post","link":"https:\/\/reddeportiva.net\/principal\/?p=220245","title":{"rendered":"Empresas y Derechos Humanos (El Montonero)"},"content":{"rendered":"\n<figure class=\"wp-block-embed is-type-video is-provider-youtube wp-block-embed-youtube wp-embed-aspect-16-9 wp-has-aspect-ratio\"><div class=\"wp-block-embed__wrapper\">\n<iframe loading=\"lazy\" title=\"Empresas y Derechos Humanos\" width=\"625\" height=\"352\" src=\"https:\/\/www.youtube.com\/embed\/IFE3PQNAzv0?feature=oembed\" frameborder=\"0\" allow=\"accelerometer; autoplay; clipboard-write; encrypted-media; gyroscope; picture-in-picture; web-share\" referrerpolicy=\"strict-origin-when-cross-origin\" allowfullscreen><\/iframe>\n<\/div><\/figure>\n\n\n\n<p>El v\u00eddeo que les estamos presentando hace referencia a un tema de gran importancia cuya asimilaci\u00f3n social tendr\u00e1 un car\u00e1cter decisivo para nuestro futuro desarrollo.  La afirmaci\u00f3n que estamos haciendo nos lleva al a\u00f1o 1993 en el que la nueva Constituci\u00f3n abre nuestra econom\u00eda al mundo.  Queremos destacar el hecho que la bondad de estos esquemas ha sido totalmente distorsionada al imponerse una versi\u00f3n \u00abcriolla\u00bb de la pol\u00edtica que ha permitido que una alianza pol\u00edtica de plut\u00f3cratas y caviares cope un significativo sector de la administraci\u00f3n p\u00fablica la cual ha impuesto un esquema de dominaci\u00f3n con graves consecuencias para el buen gobierno y que el proceso electoral del bicentenario est\u00e1 ayudando a desvelar.  Una visi\u00f3n de buenas pr\u00e1cticas se impone para introducir las medidas correctivas del caso.<\/p>\n","protected":false},"excerpt":{"rendered":"<p>El v\u00eddeo que les estamos presentando hace referencia a un tema de gran importancia cuya asimilaci\u00f3n social tendr\u00e1 un car\u00e1cter decisivo para nuestro futuro desarrollo. La afirmaci\u00f3n que estamos haciendo nos lleva al a\u00f1o 1993 en el que la nueva Constituci\u00f3n abre nuestra econom\u00eda al mundo. Queremos destacar el hecho que la bondad de estos [&hellip;]<\/p>\n","protected":false},"author":1,"featured_media":0,"comment_status":"closed","ping_status":"closed","sticky":false,"template":"","format":"standard","meta":{"_exactmetrics_skip_tracking":false,"_exactmetrics_sitenote_active":false,"_exactmetrics_sitenote_note":"","_exactmetrics_sitenote_category":0,"ngg_post_thumbnail":0,"footnotes":""},"categories":[36,200],"tags":[],"class_list":["post-220245","post","type-post","status-publish","format-standard","hentry","category-reddeportiva-net","category-separata-reddeportiva"],"_links":{"self":[{"href":"https:\/\/reddeportiva.net\/principal\/index.php?rest_route=\/wp\/v2\/posts\/220245","targetHints":{"allow":["GET"]}}],"collection":[{"href":"https:\/\/reddeportiva.net\/principal\/index.php?rest_route=\/wp\/v2\/posts"}],"about":[{"href":"https:\/\/reddeportiva.net\/principal\/index.php?rest_route=\/wp\/v2\/types\/post"}],"author":[{"embeddable":true,"href":"https:\/\/reddeportiva.net\/principal\/index.php?rest_route=\/wp\/v2\/users\/1"}],"replies":[{"embeddable":true,"href":"https:\/\/reddeportiva.net\/principal\/index.php?rest_route=%2Fwp%2Fv2%2Fcomments&post=220245"}],"version-history":[{"count":1,"href":"https:\/\/reddeportiva.net\/principal\/index.php?rest_route=\/wp\/v2\/posts\/220245\/revisions"}],"predecessor-version":[{"id":220246,"href":"https:\/\/reddeportiva.net\/principal\/index.php?rest_route=\/wp\/v2\/posts\/220245\/revisions\/220246"}],"wp:attachment":[{"href":"https:\/\/reddeportiva.net\/principal\/index.php?rest_route=%2Fwp%2Fv2%2Fmedia&parent=220245"}],"wp:term":[{"taxonomy":"category","embeddable":true,"href":"https:\/\/reddeportiva.net\/principal\/index.php?rest_route=%2Fwp%2Fv2%2Fcategories&post=220245"},{"taxonomy":"post_tag","embeddable":true,"href":"https:\/\/reddeportiva.net\/principal\/index.php?rest_route=%2Fwp%2Fv2%2Ftags&post=220245"}],"curies":[{"name":"wp","href":"https:\/\/api.w.org\/{rel}","templated":true}]}}