{"id":220133,"date":"2021-06-12T14:41:04","date_gmt":"2021-06-12T19:41:04","guid":{"rendered":"http:\/\/reddeportiva.net\/principal\/?p=220133"},"modified":"2021-06-16T11:00:25","modified_gmt":"2021-06-16T16:00:25","slug":"keiko-vs-castillo-ugarte-afirma-que-situacion-en-arequipa-se-debe-al-ingreso-de-la-variante-india","status":"publish","type":"post","link":"https:\/\/reddeportiva.net\/principal\/?p=220133","title":{"rendered":"KEIKO VS CASTILLO: Ugarte afirma que situaci\u00f3n en Arequipa se debe al ingreso de la variante India"},"content":{"rendered":"\n<figure class=\"wp-block-embed is-type-video is-provider-youtube wp-block-embed-youtube wp-embed-aspect-16-9 wp-has-aspect-ratio\"><div class=\"wp-block-embed__wrapper\">\n<iframe loading=\"lazy\" title=\"KEIKO VS CASTILLO: Ugarte afirma que situaci\u00f3n en Arequipa se debe al ingreso de la variante India\" width=\"625\" height=\"352\" src=\"https:\/\/www.youtube.com\/embed\/L3L2qZOo8zU?feature=oembed\" frameborder=\"0\" allow=\"accelerometer; autoplay; clipboard-write; encrypted-media; gyroscope; picture-in-picture; web-share\" referrerpolicy=\"strict-origin-when-cross-origin\" allowfullscreen><\/iframe>\n<\/div><\/figure>\n\n\n\n<p>En Reddeportiva.net somos de la opini\u00f3n que muchos errores se han acumulado en las acciones para combatir el COVID-19 llev\u00e1ndonos a tener los m\u00e1ximos perjuicios entre los pa\u00edses de todo el mundo.  Tambi\u00e9n creemos que est\u00e1 apareciendo un sentimiento de resignaci\u00f3n ante esta realidad de falta de vacunas y otros medios que se debe combatir.  Al respecto, proponemos se estudie una medida audaz bajo el argumento que en esta guerra por la salud de todos los peruanos se debe buscar y combatir al enemigo hasta en el fondo de sus madrigueras, es decir, los cuerpos humanos.  En ese sentido recomendamos hacer un plan para atacar durante un corto periodo de d\u00edas al virus utilizando el medicamento denominado Ivermectina la cual ser\u00eda ingerida por toda la poblaci\u00f3n en dosis diarias en una acci\u00f3n simult\u00e1nea en todo el territorio nacional.  La idea es la de realizar un ataque global que baje la carga viral en nuestra poblaci\u00f3n con el fin de amortiguar los efectos del saldo de la segunda ola as\u00ed como los de la tercera ola de la que ya se comienza a hablar.  El principal argumento se basa en resaltar la importancia de la calidad del entorno atmosf\u00e9rico local dentro de nuestros hogares y centros de trabajo con el fin de incrementar el \u00e1nimo por combatir la pandemia con todos los recursos que est\u00e9n a nuestro alcance.<\/p>\n","protected":false},"excerpt":{"rendered":"<p>En Reddeportiva.net somos de la opini\u00f3n que muchos errores se han acumulado en las acciones para combatir el COVID-19 llev\u00e1ndonos a tener los m\u00e1ximos perjuicios entre los pa\u00edses de todo el mundo. Tambi\u00e9n creemos que est\u00e1 apareciendo un sentimiento de resignaci\u00f3n ante esta realidad de falta de vacunas y otros medios que se debe combatir. [&hellip;]<\/p>\n","protected":false},"author":1,"featured_media":0,"comment_status":"closed","ping_status":"closed","sticky":false,"template":"","format":"standard","meta":{"_exactmetrics_skip_tracking":false,"_exactmetrics_sitenote_active":false,"_exactmetrics_sitenote_note":"","_exactmetrics_sitenote_category":0,"ngg_post_thumbnail":0,"footnotes":""},"categories":[36,200,1302],"tags":[],"class_list":["post-220133","post","type-post","status-publish","format-standard","hentry","category-reddeportiva-net","category-separata-reddeportiva","category-tratamiento-higiene-salud"],"_links":{"self":[{"href":"https:\/\/reddeportiva.net\/principal\/index.php?rest_route=\/wp\/v2\/posts\/220133","targetHints":{"allow":["GET"]}}],"collection":[{"href":"https:\/\/reddeportiva.net\/principal\/index.php?rest_route=\/wp\/v2\/posts"}],"about":[{"href":"https:\/\/reddeportiva.net\/principal\/index.php?rest_route=\/wp\/v2\/types\/post"}],"author":[{"embeddable":true,"href":"https:\/\/reddeportiva.net\/principal\/index.php?rest_route=\/wp\/v2\/users\/1"}],"replies":[{"embeddable":true,"href":"https:\/\/reddeportiva.net\/principal\/index.php?rest_route=%2Fwp%2Fv2%2Fcomments&post=220133"}],"version-history":[{"count":1,"href":"https:\/\/reddeportiva.net\/principal\/index.php?rest_route=\/wp\/v2\/posts\/220133\/revisions"}],"predecessor-version":[{"id":220134,"href":"https:\/\/reddeportiva.net\/principal\/index.php?rest_route=\/wp\/v2\/posts\/220133\/revisions\/220134"}],"wp:attachment":[{"href":"https:\/\/reddeportiva.net\/principal\/index.php?rest_route=%2Fwp%2Fv2%2Fmedia&parent=220133"}],"wp:term":[{"taxonomy":"category","embeddable":true,"href":"https:\/\/reddeportiva.net\/principal\/index.php?rest_route=%2Fwp%2Fv2%2Fcategories&post=220133"},{"taxonomy":"post_tag","embeddable":true,"href":"https:\/\/reddeportiva.net\/principal\/index.php?rest_route=%2Fwp%2Fv2%2Ftags&post=220133"}],"curies":[{"name":"wp","href":"https:\/\/api.w.org\/{rel}","templated":true}]}}