{"id":219764,"date":"2021-05-18T04:26:54","date_gmt":"2021-05-18T09:26:54","guid":{"rendered":"http:\/\/reddeportiva.net\/principal\/?p=219764"},"modified":"2021-05-18T06:31:49","modified_gmt":"2021-05-18T11:31:49","slug":"combutters-may-17-1-4-willax","status":"publish","type":"post","link":"https:\/\/reddeportiva.net\/principal\/?p=219764","title":{"rendered":"Combutters &#8211; MAY 17 &#8211; 1\/4 | Willax"},"content":{"rendered":"\n<figure class=\"wp-block-embed is-type-video is-provider-youtube wp-block-embed-youtube wp-embed-aspect-16-9 wp-has-aspect-ratio\"><div class=\"wp-block-embed__wrapper\">\n<iframe loading=\"lazy\" title=\"Combutters - MAY 17 - 1\/4 | Willax\" width=\"625\" height=\"352\" src=\"https:\/\/www.youtube.com\/embed\/Lgv68qQrOSA?feature=oembed\" frameborder=\"0\" allow=\"accelerometer; autoplay; clipboard-write; encrypted-media; gyroscope; picture-in-picture; web-share\" referrerpolicy=\"strict-origin-when-cross-origin\" allowfullscreen><\/iframe>\n<\/div><\/figure>\n\n\n\n<p>La ciudadan\u00eda debe tener en cuenta que quien ha estado en el gobierno de los \u00faltimos 20 a\u00f1os en el Per\u00fa ha sido una alianza de una peque\u00f1a pero muy adinerada plutocracia y un grupo m\u00e1s numeroso de personas cuya caracter\u00edstica com\u00fan es el doble patr\u00f3n de conducta.  Esta alianza ha podido mantenerse en el gobierno directo o por debajo de la mesa (periodo de Alan Garc\u00eda) gracias a la gigantesca campa\u00f1a de lavado de cerebro ejecutada por la prensa peruana (grandes medios).  Esta prensa que fue capaz de crear el pretexto de la P\u00e1gina 11 para darle un golpe de estado a Fernando Bela\u00fande; que fuera capaz de crear el infundio de narcotraficante con el cual perjudicara en la hora nona la campa\u00f1a electoral de Keiko Fujimori en el a\u00f1o 2016; no solo ha defendido a quienes ejecutaron un siniestro plan que signific\u00f3 una gran estafa para nuestro pa\u00eds y cuyo impulso original lo dio el presidente brasile\u00f1o de esa \u00e9poca Lula da Silva; tambi\u00e9n nos ha hecho creer que la culpa de todo la tiene la oposici\u00f3n que durante todo ese periodo se encontraba en un proceso de reconstrucci\u00f3n en un entorno muy adverso; as\u00ed como ha desinformado a nuestra poblaci\u00f3n con tal intensidad que ha logrado consolidar una interpretaci\u00f3n de la realidad peruana totalmente distorsionada y muy alejada de los verdaderos hechos generando incapacidad para ejecutar todo tipo de planes.<\/p>\n\n\n\n<p>Esa desinformaci\u00f3n se consigue mediante un proceso de ideologizaci\u00f3n con el fin de simplificar la interpretaci\u00f3n de los hechos.  Lo malo de lo sucedido en este aspecto durante los \u00faltimos 20 a\u00f1os es que se nos ha querido enga\u00f1ar y lo han logrado.  Esta es la raz\u00f3n por la cual el Estado Peruano no camina y es incapaz de ejecutar planes como reconstruir el norte o controlar una pandemia que nos lleva a ocupar el primer lugar de mortandad en el mundo haci\u00e9ndonos creer que estamos en el mejor de los mundos, con lo cual solo se consigue aumentar el n\u00famero de muertos.<\/p>\n\n\n\n<p>El elector peruano tiene que hacer un esfuerzo por corregir todas las mentiras que la gran prensa le ha hecho creer a base de repetici\u00f3n.  Quienes han estado en el gobierno (central, regional o local) son los responsables de la debacle que estamos viviendo y no otros.  Que en estos \u00faltimos 20 a\u00f1os, fue durante el gobierno de Alan Garc\u00eda que m\u00e1s obra p\u00fablica se ejecut\u00f3 en beneficio de las grandes mayor\u00edas.  Solo tienen que hacer memoria.  <\/p>\n\n\n\n<p>Estas elecciones del Bicentenario son muy importantes porque el elector peruano tiene la oportunidad de cortar un periodo nefasto y hacernos redireccionar la gesti\u00f3n de nuestro pa\u00eds hacia un gobierno que tome lo bueno que se ha hecho en los \u00faltimos 30 a\u00f1os y evite que una vez m\u00e1s los brasileros, a trav\u00e9s del Foro de Sao Paulo, nos lleven por la senda del Chavismo, con el apoyo cubano, con todo lo que ello significa en dificultades para conseguir el corte en forma definitiva de todos los lazos con la corrupta Odebrecht y sus asociados.<\/p>\n\n\n\n<p><\/p>\n","protected":false},"excerpt":{"rendered":"<p>La ciudadan\u00eda debe tener en cuenta que quien ha estado en el gobierno de los \u00faltimos 20 a\u00f1os en el Per\u00fa ha sido una alianza de una peque\u00f1a pero muy adinerada plutocracia y un grupo m\u00e1s numeroso de personas cuya caracter\u00edstica com\u00fan es el doble patr\u00f3n de conducta. Esta alianza ha podido mantenerse en el [&hellip;]<\/p>\n","protected":false},"author":1,"featured_media":0,"comment_status":"closed","ping_status":"closed","sticky":false,"template":"","format":"standard","meta":{"_exactmetrics_skip_tracking":false,"_exactmetrics_sitenote_active":false,"_exactmetrics_sitenote_note":"","_exactmetrics_sitenote_category":0,"ngg_post_thumbnail":0,"footnotes":""},"categories":[36,200],"tags":[],"class_list":["post-219764","post","type-post","status-publish","format-standard","hentry","category-reddeportiva-net","category-separata-reddeportiva"],"_links":{"self":[{"href":"https:\/\/reddeportiva.net\/principal\/index.php?rest_route=\/wp\/v2\/posts\/219764","targetHints":{"allow":["GET"]}}],"collection":[{"href":"https:\/\/reddeportiva.net\/principal\/index.php?rest_route=\/wp\/v2\/posts"}],"about":[{"href":"https:\/\/reddeportiva.net\/principal\/index.php?rest_route=\/wp\/v2\/types\/post"}],"author":[{"embeddable":true,"href":"https:\/\/reddeportiva.net\/principal\/index.php?rest_route=\/wp\/v2\/users\/1"}],"replies":[{"embeddable":true,"href":"https:\/\/reddeportiva.net\/principal\/index.php?rest_route=%2Fwp%2Fv2%2Fcomments&post=219764"}],"version-history":[{"count":4,"href":"https:\/\/reddeportiva.net\/principal\/index.php?rest_route=\/wp\/v2\/posts\/219764\/revisions"}],"predecessor-version":[{"id":219790,"href":"https:\/\/reddeportiva.net\/principal\/index.php?rest_route=\/wp\/v2\/posts\/219764\/revisions\/219790"}],"wp:attachment":[{"href":"https:\/\/reddeportiva.net\/principal\/index.php?rest_route=%2Fwp%2Fv2%2Fmedia&parent=219764"}],"wp:term":[{"taxonomy":"category","embeddable":true,"href":"https:\/\/reddeportiva.net\/principal\/index.php?rest_route=%2Fwp%2Fv2%2Fcategories&post=219764"},{"taxonomy":"post_tag","embeddable":true,"href":"https:\/\/reddeportiva.net\/principal\/index.php?rest_route=%2Fwp%2Fv2%2Ftags&post=219764"}],"curies":[{"name":"wp","href":"https:\/\/api.w.org\/{rel}","templated":true}]}}