{"id":219605,"date":"2021-05-10T06:12:51","date_gmt":"2021-05-10T11:12:51","guid":{"rendered":"http:\/\/reddeportiva.net\/principal\/?p=219605"},"modified":"2021-05-10T08:32:44","modified_gmt":"2021-05-10T13:32:44","slug":"coronavirus-peru-francisco-sagasti-admite-errores-en-el-manejo-de-la-pandemia-entrevista","status":"publish","type":"post","link":"https:\/\/reddeportiva.net\/principal\/?p=219605","title":{"rendered":"Coronavirus Per\u00fa: Francisco Sagasti admite errores en el manejo de la pandemia | ENTREVISTA"},"content":{"rendered":"\n<figure class=\"wp-block-embed is-type-video is-provider-youtube wp-block-embed-youtube wp-embed-aspect-16-9 wp-has-aspect-ratio\"><div class=\"wp-block-embed__wrapper\">\n<iframe loading=\"lazy\" title=\"Coronavirus Per\u00fa: Francisco Sagasti admite errores en el manejo de la pandemia | ENTREVISTA\" width=\"625\" height=\"352\" src=\"https:\/\/www.youtube.com\/embed\/LJt-KYu8UaI?feature=oembed\" frameborder=\"0\" allow=\"accelerometer; autoplay; clipboard-write; encrypted-media; gyroscope; picture-in-picture; web-share\" referrerpolicy=\"strict-origin-when-cross-origin\" allowfullscreen><\/iframe>\n<\/div><\/figure>\n\n\n\n<p>En Reddeportiva.net consideramos que no se puede hablar de errores, cuando se enfrenta una pandemia con tantas escaseces, mejor dicho tan mal preparados.  Lo m\u00ednimo que se deb\u00eda hacer era corregir las deficiencias que mostraba la infraestructura de salud con el fin de poner los servicios de salud en lo que ser\u00eda su normal capacidad de atenci\u00f3n ya que todos los antecedentes hist\u00f3ricos nos dec\u00edan que estas pandemias no duran un solo a\u00f1o.  Recomendamos la lectura del siguiente enlace <a href=\"https:\/\/reddeportiva.net\/principal\/?p=155440\">https:\/\/reddeportiva.net\/principal\/?p=155440<\/a> con el fin de que ustedes comprueben la insensibilidad y la falta de genuino inter\u00e9s para enfrentar el flagelo con la debida diligencia.<\/p>\n","protected":false},"excerpt":{"rendered":"<p>En Reddeportiva.net consideramos que no se puede hablar de errores, cuando se enfrenta una pandemia con tantas escaseces, mejor dicho tan mal preparados. Lo m\u00ednimo que se deb\u00eda hacer era corregir las deficiencias que mostraba la infraestructura de salud con el fin de poner los servicios de salud en lo que ser\u00eda su normal capacidad [&hellip;]<\/p>\n","protected":false},"author":1,"featured_media":0,"comment_status":"closed","ping_status":"closed","sticky":false,"template":"","format":"standard","meta":{"_exactmetrics_skip_tracking":false,"_exactmetrics_sitenote_active":false,"_exactmetrics_sitenote_note":"","_exactmetrics_sitenote_category":0,"ngg_post_thumbnail":0,"footnotes":""},"categories":[36,200],"tags":[],"class_list":["post-219605","post","type-post","status-publish","format-standard","hentry","category-reddeportiva-net","category-separata-reddeportiva"],"_links":{"self":[{"href":"https:\/\/reddeportiva.net\/principal\/index.php?rest_route=\/wp\/v2\/posts\/219605","targetHints":{"allow":["GET"]}}],"collection":[{"href":"https:\/\/reddeportiva.net\/principal\/index.php?rest_route=\/wp\/v2\/posts"}],"about":[{"href":"https:\/\/reddeportiva.net\/principal\/index.php?rest_route=\/wp\/v2\/types\/post"}],"author":[{"embeddable":true,"href":"https:\/\/reddeportiva.net\/principal\/index.php?rest_route=\/wp\/v2\/users\/1"}],"replies":[{"embeddable":true,"href":"https:\/\/reddeportiva.net\/principal\/index.php?rest_route=%2Fwp%2Fv2%2Fcomments&post=219605"}],"version-history":[{"count":2,"href":"https:\/\/reddeportiva.net\/principal\/index.php?rest_route=\/wp\/v2\/posts\/219605\/revisions"}],"predecessor-version":[{"id":219622,"href":"https:\/\/reddeportiva.net\/principal\/index.php?rest_route=\/wp\/v2\/posts\/219605\/revisions\/219622"}],"wp:attachment":[{"href":"https:\/\/reddeportiva.net\/principal\/index.php?rest_route=%2Fwp%2Fv2%2Fmedia&parent=219605"}],"wp:term":[{"taxonomy":"category","embeddable":true,"href":"https:\/\/reddeportiva.net\/principal\/index.php?rest_route=%2Fwp%2Fv2%2Fcategories&post=219605"},{"taxonomy":"post_tag","embeddable":true,"href":"https:\/\/reddeportiva.net\/principal\/index.php?rest_route=%2Fwp%2Fv2%2Ftags&post=219605"}],"curies":[{"name":"wp","href":"https:\/\/api.w.org\/{rel}","templated":true}]}}