{"id":219236,"date":"2021-04-29T06:05:54","date_gmt":"2021-04-29T11:05:54","guid":{"rendered":"http:\/\/reddeportiva.net\/principal\/?p=219236"},"modified":"2021-04-29T06:05:57","modified_gmt":"2021-04-29T11:05:57","slug":"beto-a-saber-abr-28-3-3-entrevista-con-hernando-de-soto-willax","status":"publish","type":"post","link":"https:\/\/reddeportiva.net\/principal\/?p=219236","title":{"rendered":"Beto a Saber &#8211; ABR 28 &#8211; 3\/3 &#8211; ENTREVISTA CON HERNANDO DE SOTO | Willax"},"content":{"rendered":"\n<figure class=\"wp-block-embed is-type-video is-provider-youtube wp-block-embed-youtube wp-embed-aspect-16-9 wp-has-aspect-ratio\"><div class=\"wp-block-embed__wrapper\">\n<iframe loading=\"lazy\" title=\"Beto a Saber - ABR 28 - 3\/3 - ENTREVISTA CON HERNANDO DE SOTO | Willax\" width=\"625\" height=\"352\" src=\"https:\/\/www.youtube.com\/embed\/jmLUOPHulDo?feature=oembed\" frameborder=\"0\" allow=\"accelerometer; autoplay; clipboard-write; encrypted-media; gyroscope; picture-in-picture; web-share\" referrerpolicy=\"strict-origin-when-cross-origin\" allowfullscreen><\/iframe>\n<\/div><\/figure>\n\n\n\n<p>Nota de Reddeportiva.net: En Reddeportiva.net hemos elaborado un modelo de interpretaci\u00f3n de la realidad peruana en el que se afirma que la sociedad peruana est\u00e1 bajo ataque de una plutocracia con vinculaci\u00f3n con los poderes mundiales &#8230;<\/p>\n","protected":false},"excerpt":{"rendered":"<p>Nota de Reddeportiva.net: En Reddeportiva.net hemos elaborado un modelo de interpretaci\u00f3n de la realidad peruana en el que se afirma que la sociedad peruana est\u00e1 bajo ataque de una plutocracia con vinculaci\u00f3n con los poderes mundiales &#8230;<\/p>\n","protected":false},"author":1,"featured_media":0,"comment_status":"closed","ping_status":"closed","sticky":false,"template":"","format":"standard","meta":{"_exactmetrics_skip_tracking":false,"_exactmetrics_sitenote_active":false,"_exactmetrics_sitenote_note":"","_exactmetrics_sitenote_category":0,"ngg_post_thumbnail":0,"footnotes":""},"categories":[1404,36,200],"tags":[],"class_list":["post-219236","post","type-post","status-publish","format-standard","hentry","category-poderes-mundiales","category-reddeportiva-net","category-separata-reddeportiva"],"_links":{"self":[{"href":"https:\/\/reddeportiva.net\/principal\/index.php?rest_route=\/wp\/v2\/posts\/219236","targetHints":{"allow":["GET"]}}],"collection":[{"href":"https:\/\/reddeportiva.net\/principal\/index.php?rest_route=\/wp\/v2\/posts"}],"about":[{"href":"https:\/\/reddeportiva.net\/principal\/index.php?rest_route=\/wp\/v2\/types\/post"}],"author":[{"embeddable":true,"href":"https:\/\/reddeportiva.net\/principal\/index.php?rest_route=\/wp\/v2\/users\/1"}],"replies":[{"embeddable":true,"href":"https:\/\/reddeportiva.net\/principal\/index.php?rest_route=%2Fwp%2Fv2%2Fcomments&post=219236"}],"version-history":[{"count":1,"href":"https:\/\/reddeportiva.net\/principal\/index.php?rest_route=\/wp\/v2\/posts\/219236\/revisions"}],"predecessor-version":[{"id":219237,"href":"https:\/\/reddeportiva.net\/principal\/index.php?rest_route=\/wp\/v2\/posts\/219236\/revisions\/219237"}],"wp:attachment":[{"href":"https:\/\/reddeportiva.net\/principal\/index.php?rest_route=%2Fwp%2Fv2%2Fmedia&parent=219236"}],"wp:term":[{"taxonomy":"category","embeddable":true,"href":"https:\/\/reddeportiva.net\/principal\/index.php?rest_route=%2Fwp%2Fv2%2Fcategories&post=219236"},{"taxonomy":"post_tag","embeddable":true,"href":"https:\/\/reddeportiva.net\/principal\/index.php?rest_route=%2Fwp%2Fv2%2Ftags&post=219236"}],"curies":[{"name":"wp","href":"https:\/\/api.w.org\/{rel}","templated":true}]}}