{"id":219205,"date":"2021-04-28T08:48:51","date_gmt":"2021-04-28T13:48:51","guid":{"rendered":"http:\/\/reddeportiva.net\/principal\/?p=219205"},"modified":"2021-04-28T08:48:55","modified_gmt":"2021-04-28T13:48:55","slug":"thorndike-revela-la-verdad-sobre-reportaje-de-la-dea-contra-keiko-y-la-salida-de-ospina-y-mavila","status":"publish","type":"post","link":"https:\/\/reddeportiva.net\/principal\/?p=219205","title":{"rendered":"THORNDIKE REVELA LA VERDAD SOBRE REPORTAJE DE LA DEA CONTRA KEIKO Y LA SALIDA DE OSPINA Y M\u00c1VILA"},"content":{"rendered":"\n<figure class=\"wp-block-embed is-type-video is-provider-youtube wp-block-embed-youtube wp-embed-aspect-16-9 wp-has-aspect-ratio\"><div class=\"wp-block-embed__wrapper\">\n<iframe loading=\"lazy\" title=\"THORNDIKE REVELA LA VERDAD SOBRE REPORTAJE DE LA DEA CONTRA KEIKO Y LA SALIDA DE OSPINA Y M\u00c1VILA\" width=\"625\" height=\"352\" src=\"https:\/\/www.youtube.com\/embed\/cGoBhVpv3Js?feature=oembed\" frameborder=\"0\" allow=\"accelerometer; autoplay; clipboard-write; encrypted-media; gyroscope; picture-in-picture; web-share\" referrerpolicy=\"strict-origin-when-cross-origin\" allowfullscreen><\/iframe>\n<\/div><\/figure>\n\n\n\n<p>Nota de Reddeportiva.net: Desde nuestro punto de vista, no es valido decir que nos pusieron una trampa.  No es aceptable decir que cayeron en una emboscada como se est\u00e1 insinuando.  Se encontraban en los momentos finales de una campa\u00f1a electoral y, desde la \u00e9poca en que Fernando Bela\u00fande utiliz\u00f3 la imagen de su t\u00edo V\u00edctor Andr\u00e9s Bela\u00fande en contra de la candidatura de V\u00edctor Ra\u00fal Haya de la Torre, son de esperar las jugadas de \u00faltimo momento.  Como en cualquier partido de f\u00fatbol.  Quienes conocen la historia de la \u00abP\u00e1gina Once\u00bb y la falta de escr\u00fapulos que signific\u00f3 su utilizaci\u00f3n pol\u00edtica (ver <a href=\"https:\/\/reddeportiva.net\/principal\/?p=139654\">https:\/\/reddeportiva.net\/principal\/?p=139654<\/a> ) no pueden alegar ignorancia sobre los alcances y la responsabilidad de una publicaci\u00f3n como la de la noticia en cuesti\u00f3n.  Tampoco puede servir para ocultar el grav\u00edsimo da\u00f1o que la gigantesca campa\u00f1a de desinformaci\u00f3n de la gran prensa ha causado al desarrollo social del Per\u00fa a partir del gobierno de Alejandro Toledo.<\/p>\n","protected":false},"excerpt":{"rendered":"<p>Nota de Reddeportiva.net: Desde nuestro punto de vista, no es valido decir que nos pusieron una trampa. No es aceptable decir que cayeron en una emboscada como se est\u00e1 insinuando. Se encontraban en los momentos finales de una campa\u00f1a electoral y, desde la \u00e9poca en que Fernando Bela\u00fande utiliz\u00f3 la imagen de su t\u00edo V\u00edctor [&hellip;]<\/p>\n","protected":false},"author":1,"featured_media":0,"comment_status":"closed","ping_status":"closed","sticky":false,"template":"","format":"standard","meta":{"_exactmetrics_skip_tracking":false,"_exactmetrics_sitenote_active":false,"_exactmetrics_sitenote_note":"","_exactmetrics_sitenote_category":0,"ngg_post_thumbnail":0,"footnotes":""},"categories":[36,200],"tags":[],"class_list":["post-219205","post","type-post","status-publish","format-standard","hentry","category-reddeportiva-net","category-separata-reddeportiva"],"_links":{"self":[{"href":"https:\/\/reddeportiva.net\/principal\/index.php?rest_route=\/wp\/v2\/posts\/219205","targetHints":{"allow":["GET"]}}],"collection":[{"href":"https:\/\/reddeportiva.net\/principal\/index.php?rest_route=\/wp\/v2\/posts"}],"about":[{"href":"https:\/\/reddeportiva.net\/principal\/index.php?rest_route=\/wp\/v2\/types\/post"}],"author":[{"embeddable":true,"href":"https:\/\/reddeportiva.net\/principal\/index.php?rest_route=\/wp\/v2\/users\/1"}],"replies":[{"embeddable":true,"href":"https:\/\/reddeportiva.net\/principal\/index.php?rest_route=%2Fwp%2Fv2%2Fcomments&post=219205"}],"version-history":[{"count":1,"href":"https:\/\/reddeportiva.net\/principal\/index.php?rest_route=\/wp\/v2\/posts\/219205\/revisions"}],"predecessor-version":[{"id":219206,"href":"https:\/\/reddeportiva.net\/principal\/index.php?rest_route=\/wp\/v2\/posts\/219205\/revisions\/219206"}],"wp:attachment":[{"href":"https:\/\/reddeportiva.net\/principal\/index.php?rest_route=%2Fwp%2Fv2%2Fmedia&parent=219205"}],"wp:term":[{"taxonomy":"category","embeddable":true,"href":"https:\/\/reddeportiva.net\/principal\/index.php?rest_route=%2Fwp%2Fv2%2Fcategories&post=219205"},{"taxonomy":"post_tag","embeddable":true,"href":"https:\/\/reddeportiva.net\/principal\/index.php?rest_route=%2Fwp%2Fv2%2Ftags&post=219205"}],"curies":[{"name":"wp","href":"https:\/\/api.w.org\/{rel}","templated":true}]}}