{"id":217836,"date":"2021-03-20T18:53:22","date_gmt":"2021-03-20T23:53:22","guid":{"rendered":"http:\/\/reddeportiva.net\/principal\/?p=217836"},"modified":"2021-03-20T18:53:24","modified_gmt":"2021-03-20T23:53:24","slug":"otorgan-la-suspension-definitiva-a-la-reforma-de-industria-electrica-impulsada-por-lopez-obrador","status":"publish","type":"post","link":"https:\/\/reddeportiva.net\/principal\/?p=217836","title":{"rendered":"Otorgan la \u00absuspensi\u00f3n definitiva\u00bb a la reforma de industria el\u00e9ctrica impulsada por L\u00f3pez Obrador"},"content":{"rendered":"\n<figure class=\"wp-block-embed is-type-video is-provider-youtube wp-block-embed-youtube wp-embed-aspect-16-9 wp-has-aspect-ratio\"><div class=\"wp-block-embed__wrapper\">\n<iframe loading=\"lazy\" title=\"Otorgan la &quot;suspensi\u00f3n definitiva&quot; a la reforma de industria el\u00e9ctrica impulsada por L\u00f3pez Obrador\" width=\"625\" height=\"352\" src=\"https:\/\/www.youtube.com\/embed\/ixh4QS9ckUc?feature=oembed\" frameborder=\"0\" allow=\"accelerometer; autoplay; clipboard-write; encrypted-media; gyroscope; picture-in-picture; web-share\" referrerpolicy=\"strict-origin-when-cross-origin\" allowfullscreen><\/iframe>\n<\/div><\/figure>\n","protected":false},"excerpt":{"rendered":"","protected":false},"author":1,"featured_media":0,"comment_status":"closed","ping_status":"closed","sticky":false,"template":"","format":"standard","meta":{"_exactmetrics_skip_tracking":false,"_exactmetrics_sitenote_active":false,"_exactmetrics_sitenote_note":"","_exactmetrics_sitenote_category":0,"ngg_post_thumbnail":0,"footnotes":""},"categories":[1278,1282,1232,1368,1310,1223,1403],"tags":[],"class_list":["post-217836","post","type-post","status-publish","format-standard","hentry","category-accion-politica-proyecciones","category-control-proyecciones","category-energia-produccion-proyecciones","category-energia-renovable-ambiente","category-judicial","category-mundo-politico","category-reforma-servicios-publicos"],"_links":{"self":[{"href":"https:\/\/reddeportiva.net\/principal\/index.php?rest_route=\/wp\/v2\/posts\/217836","targetHints":{"allow":["GET"]}}],"collection":[{"href":"https:\/\/reddeportiva.net\/principal\/index.php?rest_route=\/wp\/v2\/posts"}],"about":[{"href":"https:\/\/reddeportiva.net\/principal\/index.php?rest_route=\/wp\/v2\/types\/post"}],"author":[{"embeddable":true,"href":"https:\/\/reddeportiva.net\/principal\/index.php?rest_route=\/wp\/v2\/users\/1"}],"replies":[{"embeddable":true,"href":"https:\/\/reddeportiva.net\/principal\/index.php?rest_route=%2Fwp%2Fv2%2Fcomments&post=217836"}],"version-history":[{"count":1,"href":"https:\/\/reddeportiva.net\/principal\/index.php?rest_route=\/wp\/v2\/posts\/217836\/revisions"}],"predecessor-version":[{"id":217837,"href":"https:\/\/reddeportiva.net\/principal\/index.php?rest_route=\/wp\/v2\/posts\/217836\/revisions\/217837"}],"wp:attachment":[{"href":"https:\/\/reddeportiva.net\/principal\/index.php?rest_route=%2Fwp%2Fv2%2Fmedia&parent=217836"}],"wp:term":[{"taxonomy":"category","embeddable":true,"href":"https:\/\/reddeportiva.net\/principal\/index.php?rest_route=%2Fwp%2Fv2%2Fcategories&post=217836"},{"taxonomy":"post_tag","embeddable":true,"href":"https:\/\/reddeportiva.net\/principal\/index.php?rest_route=%2Fwp%2Fv2%2Ftags&post=217836"}],"curies":[{"name":"wp","href":"https:\/\/api.w.org\/{rel}","templated":true}]}}