{"id":216203,"date":"2021-03-13T22:19:09","date_gmt":"2021-03-14T03:19:09","guid":{"rendered":"http:\/\/reddeportiva.net\/principal\/?p=216203"},"modified":"2021-03-13T22:19:11","modified_gmt":"2021-03-14T03:19:11","slug":"maestra-deja-mundo-virtual-y-lleva-clases-en-canoa-a-ninos-indigenas-de-panama-afp","status":"publish","type":"post","link":"https:\/\/reddeportiva.net\/principal\/?p=216203","title":{"rendered":"Maestra deja mundo \u00abvirtual\u00bb y lleva clases en canoa a ni\u00f1os ind\u00edgenas de Panam\u00e1 | AFP"},"content":{"rendered":"\n<figure class=\"wp-block-embed is-type-video is-provider-youtube wp-block-embed-youtube wp-embed-aspect-16-9 wp-has-aspect-ratio\"><div class=\"wp-block-embed__wrapper\">\n<iframe loading=\"lazy\" title=\"Maestra deja mundo &quot;virtual&quot; y lleva clases en canoa a ni\u00f1os ind\u00edgenas de Panam\u00e1 | AFP\" width=\"625\" height=\"352\" src=\"https:\/\/www.youtube.com\/embed\/V3w7yJlDq0o?feature=oembed\" frameborder=\"0\" allow=\"accelerometer; autoplay; clipboard-write; encrypted-media; gyroscope; picture-in-picture; web-share\" referrerpolicy=\"strict-origin-when-cross-origin\" allowfullscreen><\/iframe>\n<\/div><\/figure>\n","protected":false},"excerpt":{"rendered":"","protected":false},"author":1,"featured_media":0,"comment_status":"closed","ping_status":"closed","sticky":false,"template":"","format":"standard","meta":{"_exactmetrics_skip_tracking":false,"_exactmetrics_sitenote_active":false,"_exactmetrics_sitenote_note":"","_exactmetrics_sitenote_category":0,"ngg_post_thumbnail":0,"footnotes":""},"categories":[22,273],"tags":[],"class_list":["post-216203","post","type-post","status-publish","format-standard","hentry","category-educacion-proyecciones","category-proyecciones-refugiados"],"_links":{"self":[{"href":"https:\/\/reddeportiva.net\/principal\/index.php?rest_route=\/wp\/v2\/posts\/216203","targetHints":{"allow":["GET"]}}],"collection":[{"href":"https:\/\/reddeportiva.net\/principal\/index.php?rest_route=\/wp\/v2\/posts"}],"about":[{"href":"https:\/\/reddeportiva.net\/principal\/index.php?rest_route=\/wp\/v2\/types\/post"}],"author":[{"embeddable":true,"href":"https:\/\/reddeportiva.net\/principal\/index.php?rest_route=\/wp\/v2\/users\/1"}],"replies":[{"embeddable":true,"href":"https:\/\/reddeportiva.net\/principal\/index.php?rest_route=%2Fwp%2Fv2%2Fcomments&post=216203"}],"version-history":[{"count":1,"href":"https:\/\/reddeportiva.net\/principal\/index.php?rest_route=\/wp\/v2\/posts\/216203\/revisions"}],"predecessor-version":[{"id":216204,"href":"https:\/\/reddeportiva.net\/principal\/index.php?rest_route=\/wp\/v2\/posts\/216203\/revisions\/216204"}],"wp:attachment":[{"href":"https:\/\/reddeportiva.net\/principal\/index.php?rest_route=%2Fwp%2Fv2%2Fmedia&parent=216203"}],"wp:term":[{"taxonomy":"category","embeddable":true,"href":"https:\/\/reddeportiva.net\/principal\/index.php?rest_route=%2Fwp%2Fv2%2Fcategories&post=216203"},{"taxonomy":"post_tag","embeddable":true,"href":"https:\/\/reddeportiva.net\/principal\/index.php?rest_route=%2Fwp%2Fv2%2Ftags&post=216203"}],"curies":[{"name":"wp","href":"https:\/\/api.w.org\/{rel}","templated":true}]}}