{"id":216160,"date":"2021-03-13T20:54:56","date_gmt":"2021-03-14T01:54:56","guid":{"rendered":"http:\/\/reddeportiva.net\/principal\/?p=216160"},"modified":"2021-03-13T20:54:58","modified_gmt":"2021-03-14T01:54:58","slug":"fiscalia-de-bolivia-ordena-detener-a-expresidenta-jeanine-anez-y-varios-de-sus-ministros-afp","status":"publish","type":"post","link":"https:\/\/reddeportiva.net\/principal\/?p=216160","title":{"rendered":"Fiscal\u00eda de Bolivia ordena detener a expresidenta Jeanine \u00c1\u00f1ez y varios de sus ministros | AFP"},"content":{"rendered":"\n<figure class=\"wp-block-embed is-type-video is-provider-youtube wp-block-embed-youtube wp-embed-aspect-16-9 wp-has-aspect-ratio\"><div class=\"wp-block-embed__wrapper\">\n<iframe loading=\"lazy\" title=\"Fiscal\u00eda de Bolivia ordena detener a expresidenta Jeanine \u00c1\u00f1ez y varios de sus ministros | AFP\" width=\"625\" height=\"352\" src=\"https:\/\/www.youtube.com\/embed\/dbsjnNHNpA8?feature=oembed\" frameborder=\"0\" allow=\"accelerometer; autoplay; clipboard-write; encrypted-media; gyroscope; picture-in-picture; web-share\" referrerpolicy=\"strict-origin-when-cross-origin\" allowfullscreen><\/iframe>\n<\/div><\/figure>\n","protected":false},"excerpt":{"rendered":"","protected":false},"author":1,"featured_media":0,"comment_status":"closed","ping_status":"closed","sticky":false,"template":"","format":"standard","meta":{"_exactmetrics_skip_tracking":false,"_exactmetrics_sitenote_active":false,"_exactmetrics_sitenote_note":"","_exactmetrics_sitenote_category":0,"ngg_post_thumbnail":0,"footnotes":""},"categories":[1226,1223],"tags":[],"class_list":["post-216160","post","type-post","status-publish","format-standard","hentry","category-elecciones","category-mundo-politico"],"_links":{"self":[{"href":"https:\/\/reddeportiva.net\/principal\/index.php?rest_route=\/wp\/v2\/posts\/216160","targetHints":{"allow":["GET"]}}],"collection":[{"href":"https:\/\/reddeportiva.net\/principal\/index.php?rest_route=\/wp\/v2\/posts"}],"about":[{"href":"https:\/\/reddeportiva.net\/principal\/index.php?rest_route=\/wp\/v2\/types\/post"}],"author":[{"embeddable":true,"href":"https:\/\/reddeportiva.net\/principal\/index.php?rest_route=\/wp\/v2\/users\/1"}],"replies":[{"embeddable":true,"href":"https:\/\/reddeportiva.net\/principal\/index.php?rest_route=%2Fwp%2Fv2%2Fcomments&post=216160"}],"version-history":[{"count":1,"href":"https:\/\/reddeportiva.net\/principal\/index.php?rest_route=\/wp\/v2\/posts\/216160\/revisions"}],"predecessor-version":[{"id":216161,"href":"https:\/\/reddeportiva.net\/principal\/index.php?rest_route=\/wp\/v2\/posts\/216160\/revisions\/216161"}],"wp:attachment":[{"href":"https:\/\/reddeportiva.net\/principal\/index.php?rest_route=%2Fwp%2Fv2%2Fmedia&parent=216160"}],"wp:term":[{"taxonomy":"category","embeddable":true,"href":"https:\/\/reddeportiva.net\/principal\/index.php?rest_route=%2Fwp%2Fv2%2Fcategories&post=216160"},{"taxonomy":"post_tag","embeddable":true,"href":"https:\/\/reddeportiva.net\/principal\/index.php?rest_route=%2Fwp%2Fv2%2Ftags&post=216160"}],"curies":[{"name":"wp","href":"https:\/\/api.w.org\/{rel}","templated":true}]}}