{"id":215721,"date":"2021-03-11T18:00:55","date_gmt":"2021-03-11T23:00:55","guid":{"rendered":"http:\/\/reddeportiva.net\/principal\/?p=215721"},"modified":"2021-03-11T18:00:56","modified_gmt":"2021-03-11T23:00:56","slug":"ee-uu-el-racismo-sistemico-empeora-la-situacion-de-menores-en-los-centros-de-detencion","status":"publish","type":"post","link":"https:\/\/reddeportiva.net\/principal\/?p=215721","title":{"rendered":"EE.UU.: El racismo sist\u00e9mico empeora la situaci\u00f3n de menores en los centros de detenci\u00f3n"},"content":{"rendered":"\n<figure class=\"wp-block-embed is-type-video is-provider-youtube wp-block-embed-youtube wp-embed-aspect-16-9 wp-has-aspect-ratio\"><div class=\"wp-block-embed__wrapper\">\n<iframe loading=\"lazy\" title=\"EE.UU.: El racismo sist\u00e9mico empeora la situaci\u00f3n de menores en los centros de detenci\u00f3n\" width=\"625\" height=\"352\" src=\"https:\/\/www.youtube.com\/embed\/U33QYIIV7NU?feature=oembed\" frameborder=\"0\" allow=\"accelerometer; autoplay; clipboard-write; encrypted-media; gyroscope; picture-in-picture; web-share\" referrerpolicy=\"strict-origin-when-cross-origin\" allowfullscreen><\/iframe>\n<\/div><\/figure>\n","protected":false},"excerpt":{"rendered":"","protected":false},"author":1,"featured_media":0,"comment_status":"closed","ping_status":"closed","sticky":false,"template":"","format":"standard","meta":{"_exactmetrics_skip_tracking":false,"_exactmetrics_sitenote_active":false,"_exactmetrics_sitenote_note":"","_exactmetrics_sitenote_category":0,"ngg_post_thumbnail":0,"footnotes":""},"categories":[1278,1282,1226,1286,1237,1249,1223,779,1221,273,659,1213,1285,1287],"tags":[],"class_list":["post-215721","post","type-post","status-publish","format-standard","hentry","category-accion-politica-proyecciones","category-control-proyecciones","category-elecciones","category-integridad","category-libertades","category-mercadeo-justo","category-mundo-politico","category-proyecciones","category-proyecciones-comunicaciones-y-big-data","category-proyecciones-refugiados","category-proyecciones-seguridad","category-proyecciones-tecnologicas","category-reciprocidad-proyecciones","category-transparencia"],"_links":{"self":[{"href":"https:\/\/reddeportiva.net\/principal\/index.php?rest_route=\/wp\/v2\/posts\/215721","targetHints":{"allow":["GET"]}}],"collection":[{"href":"https:\/\/reddeportiva.net\/principal\/index.php?rest_route=\/wp\/v2\/posts"}],"about":[{"href":"https:\/\/reddeportiva.net\/principal\/index.php?rest_route=\/wp\/v2\/types\/post"}],"author":[{"embeddable":true,"href":"https:\/\/reddeportiva.net\/principal\/index.php?rest_route=\/wp\/v2\/users\/1"}],"replies":[{"embeddable":true,"href":"https:\/\/reddeportiva.net\/principal\/index.php?rest_route=%2Fwp%2Fv2%2Fcomments&post=215721"}],"version-history":[{"count":1,"href":"https:\/\/reddeportiva.net\/principal\/index.php?rest_route=\/wp\/v2\/posts\/215721\/revisions"}],"predecessor-version":[{"id":215722,"href":"https:\/\/reddeportiva.net\/principal\/index.php?rest_route=\/wp\/v2\/posts\/215721\/revisions\/215722"}],"wp:attachment":[{"href":"https:\/\/reddeportiva.net\/principal\/index.php?rest_route=%2Fwp%2Fv2%2Fmedia&parent=215721"}],"wp:term":[{"taxonomy":"category","embeddable":true,"href":"https:\/\/reddeportiva.net\/principal\/index.php?rest_route=%2Fwp%2Fv2%2Fcategories&post=215721"},{"taxonomy":"post_tag","embeddable":true,"href":"https:\/\/reddeportiva.net\/principal\/index.php?rest_route=%2Fwp%2Fv2%2Ftags&post=215721"}],"curies":[{"name":"wp","href":"https:\/\/api.w.org\/{rel}","templated":true}]}}