{"id":215180,"date":"2021-03-09T15:47:37","date_gmt":"2021-03-09T20:47:37","guid":{"rendered":"http:\/\/reddeportiva.net\/principal\/?p=215180"},"modified":"2021-03-09T15:47:39","modified_gmt":"2021-03-09T20:47:39","slug":"italia-suma-en-el-ultimo-ano-un-millon-de-personas-mas-por-debajo-del-umbral-de-la-pobreza","status":"publish","type":"post","link":"https:\/\/reddeportiva.net\/principal\/?p=215180","title":{"rendered":"Italia suma en el \u00faltimo a\u00f1o un mill\u00f3n de personas m\u00e1s por debajo del umbral de la pobreza"},"content":{"rendered":"\n<figure class=\"wp-block-embed is-type-video is-provider-youtube wp-block-embed-youtube wp-embed-aspect-16-9 wp-has-aspect-ratio\"><div class=\"wp-block-embed__wrapper\">\n<iframe loading=\"lazy\" title=\"Italia suma en el \u00faltimo a\u00f1o un mill\u00f3n de personas m\u00e1s por debajo del umbral de la pobreza\" width=\"625\" height=\"352\" src=\"https:\/\/www.youtube.com\/embed\/IKU70RTp7Ws?feature=oembed\" frameborder=\"0\" allow=\"accelerometer; autoplay; clipboard-write; encrypted-media; gyroscope; picture-in-picture; web-share\" referrerpolicy=\"strict-origin-when-cross-origin\" allowfullscreen><\/iframe>\n<\/div><\/figure>\n","protected":false},"excerpt":{"rendered":"","protected":false},"author":1,"featured_media":0,"comment_status":"closed","ping_status":"closed","sticky":false,"template":"","format":"standard","meta":{"_exactmetrics_skip_tracking":false,"_exactmetrics_sitenote_active":false,"_exactmetrics_sitenote_note":"","_exactmetrics_sitenote_category":0,"ngg_post_thumbnail":0,"footnotes":""},"categories":[1275,1298,1273,1330,1293,1209],"tags":[],"class_list":["post-215180","post","type-post","status-publish","format-standard","hentry","category-civismo-proyecciones","category-compensacion-proyecciones","category-estimulos-finanzas","category-ingresos-personales","category-mundo-laboral","category-proyecciones-instituciones"],"_links":{"self":[{"href":"https:\/\/reddeportiva.net\/principal\/index.php?rest_route=\/wp\/v2\/posts\/215180","targetHints":{"allow":["GET"]}}],"collection":[{"href":"https:\/\/reddeportiva.net\/principal\/index.php?rest_route=\/wp\/v2\/posts"}],"about":[{"href":"https:\/\/reddeportiva.net\/principal\/index.php?rest_route=\/wp\/v2\/types\/post"}],"author":[{"embeddable":true,"href":"https:\/\/reddeportiva.net\/principal\/index.php?rest_route=\/wp\/v2\/users\/1"}],"replies":[{"embeddable":true,"href":"https:\/\/reddeportiva.net\/principal\/index.php?rest_route=%2Fwp%2Fv2%2Fcomments&post=215180"}],"version-history":[{"count":1,"href":"https:\/\/reddeportiva.net\/principal\/index.php?rest_route=\/wp\/v2\/posts\/215180\/revisions"}],"predecessor-version":[{"id":215181,"href":"https:\/\/reddeportiva.net\/principal\/index.php?rest_route=\/wp\/v2\/posts\/215180\/revisions\/215181"}],"wp:attachment":[{"href":"https:\/\/reddeportiva.net\/principal\/index.php?rest_route=%2Fwp%2Fv2%2Fmedia&parent=215180"}],"wp:term":[{"taxonomy":"category","embeddable":true,"href":"https:\/\/reddeportiva.net\/principal\/index.php?rest_route=%2Fwp%2Fv2%2Fcategories&post=215180"},{"taxonomy":"post_tag","embeddable":true,"href":"https:\/\/reddeportiva.net\/principal\/index.php?rest_route=%2Fwp%2Fv2%2Ftags&post=215180"}],"curies":[{"name":"wp","href":"https:\/\/api.w.org\/{rel}","templated":true}]}}