{"id":215172,"date":"2021-03-09T15:23:07","date_gmt":"2021-03-09T20:23:07","guid":{"rendered":"http:\/\/reddeportiva.net\/principal\/?p=215172"},"modified":"2021-03-09T15:23:09","modified_gmt":"2021-03-09T20:23:09","slug":"estefania-veloz-habla-de-amlo-felix-salgado-macedonio-y-mas-tras-renunciar-a-morena","status":"publish","type":"post","link":"https:\/\/reddeportiva.net\/principal\/?p=215172","title":{"rendered":"Estefan\u00eda Veloz habla de AMLO, F\u00e9lix Salgado Macedonio y m\u00e1s tras renunciar a Morena"},"content":{"rendered":"\n<figure class=\"wp-block-embed is-type-video is-provider-youtube wp-block-embed-youtube wp-embed-aspect-16-9 wp-has-aspect-ratio\"><div class=\"wp-block-embed__wrapper\">\n<iframe loading=\"lazy\" title=\"Estefan\u00eda Veloz habla de AMLO, F\u00e9lix Salgado Macedonio y m\u00e1s tras renunciar a Morena\" width=\"625\" height=\"352\" src=\"https:\/\/www.youtube.com\/embed\/Pzk0DXZjeAo?feature=oembed\" frameborder=\"0\" allow=\"accelerometer; autoplay; clipboard-write; encrypted-media; gyroscope; picture-in-picture; web-share\" referrerpolicy=\"strict-origin-when-cross-origin\" allowfullscreen><\/iframe>\n<\/div><\/figure>\n","protected":false},"excerpt":{"rendered":"","protected":false},"author":1,"featured_media":0,"comment_status":"closed","ping_status":"closed","sticky":false,"template":"","format":"standard","meta":{"_exactmetrics_skip_tracking":false,"_exactmetrics_sitenote_active":false,"_exactmetrics_sitenote_note":"","_exactmetrics_sitenote_category":0,"ngg_post_thumbnail":0,"footnotes":""},"categories":[1278,1366,1223,1382],"tags":[],"class_list":["post-215172","post","type-post","status-publish","format-standard","hentry","category-accion-politica-proyecciones","category-marginacion","category-mundo-politico","category-normalizacion"],"_links":{"self":[{"href":"https:\/\/reddeportiva.net\/principal\/index.php?rest_route=\/wp\/v2\/posts\/215172","targetHints":{"allow":["GET"]}}],"collection":[{"href":"https:\/\/reddeportiva.net\/principal\/index.php?rest_route=\/wp\/v2\/posts"}],"about":[{"href":"https:\/\/reddeportiva.net\/principal\/index.php?rest_route=\/wp\/v2\/types\/post"}],"author":[{"embeddable":true,"href":"https:\/\/reddeportiva.net\/principal\/index.php?rest_route=\/wp\/v2\/users\/1"}],"replies":[{"embeddable":true,"href":"https:\/\/reddeportiva.net\/principal\/index.php?rest_route=%2Fwp%2Fv2%2Fcomments&post=215172"}],"version-history":[{"count":1,"href":"https:\/\/reddeportiva.net\/principal\/index.php?rest_route=\/wp\/v2\/posts\/215172\/revisions"}],"predecessor-version":[{"id":215173,"href":"https:\/\/reddeportiva.net\/principal\/index.php?rest_route=\/wp\/v2\/posts\/215172\/revisions\/215173"}],"wp:attachment":[{"href":"https:\/\/reddeportiva.net\/principal\/index.php?rest_route=%2Fwp%2Fv2%2Fmedia&parent=215172"}],"wp:term":[{"taxonomy":"category","embeddable":true,"href":"https:\/\/reddeportiva.net\/principal\/index.php?rest_route=%2Fwp%2Fv2%2Fcategories&post=215172"},{"taxonomy":"post_tag","embeddable":true,"href":"https:\/\/reddeportiva.net\/principal\/index.php?rest_route=%2Fwp%2Fv2%2Ftags&post=215172"}],"curies":[{"name":"wp","href":"https:\/\/api.w.org\/{rel}","templated":true}]}}