{"id":214399,"date":"2021-03-06T19:13:44","date_gmt":"2021-03-07T00:13:44","guid":{"rendered":"http:\/\/reddeportiva.net\/principal\/?p=214399"},"modified":"2021-03-06T19:13:46","modified_gmt":"2021-03-07T00:13:46","slug":"polemica-por-reunion-entre-michelle-bachelet-y-nicolas-maduro","status":"publish","type":"post","link":"https:\/\/reddeportiva.net\/principal\/?p=214399","title":{"rendered":"Pol\u00e9mica por reuni\u00f3n entre Michelle Bachelet y Nicol\u00e1s Maduro"},"content":{"rendered":"\n<figure class=\"wp-block-embed is-type-video is-provider-youtube wp-block-embed-youtube wp-embed-aspect-16-9 wp-has-aspect-ratio\"><div class=\"wp-block-embed__wrapper\">\n<iframe loading=\"lazy\" title=\"Pol\u00e9mica por reuni\u00f3n entre Michelle Bachelet y Nicol\u00e1s Maduro\" width=\"625\" height=\"352\" src=\"https:\/\/www.youtube.com\/embed\/5qHq4yeCets?feature=oembed\" frameborder=\"0\" allow=\"accelerometer; autoplay; clipboard-write; encrypted-media; gyroscope; picture-in-picture; web-share\" referrerpolicy=\"strict-origin-when-cross-origin\" allowfullscreen><\/iframe>\n<\/div><\/figure>\n","protected":false},"excerpt":{"rendered":"","protected":false},"author":1,"featured_media":0,"comment_status":"closed","ping_status":"closed","sticky":false,"template":"","format":"standard","meta":{"_exactmetrics_skip_tracking":false,"_exactmetrics_sitenote_active":false,"_exactmetrics_sitenote_note":"","_exactmetrics_sitenote_category":0,"ngg_post_thumbnail":0,"footnotes":""},"categories":[1278,1337,1376,1339,1402,1202,1241,1401,1319,1366,1223,1375,1353],"tags":[],"class_list":["post-214399","post","type-post","status-publish","format-standard","hentry","category-accion-politica-proyecciones","category-censura","category-democracia","category-denuncias","category-desplazados-americanos","category-geopolitica-proyecciones","category-gobernanza","category-hostilizacion","category-ideologizacion","category-marginacion","category-mundo-politico","category-negligencia","category-organizacion-multilateralismo-proyecciones"],"_links":{"self":[{"href":"https:\/\/reddeportiva.net\/principal\/index.php?rest_route=\/wp\/v2\/posts\/214399","targetHints":{"allow":["GET"]}}],"collection":[{"href":"https:\/\/reddeportiva.net\/principal\/index.php?rest_route=\/wp\/v2\/posts"}],"about":[{"href":"https:\/\/reddeportiva.net\/principal\/index.php?rest_route=\/wp\/v2\/types\/post"}],"author":[{"embeddable":true,"href":"https:\/\/reddeportiva.net\/principal\/index.php?rest_route=\/wp\/v2\/users\/1"}],"replies":[{"embeddable":true,"href":"https:\/\/reddeportiva.net\/principal\/index.php?rest_route=%2Fwp%2Fv2%2Fcomments&post=214399"}],"version-history":[{"count":1,"href":"https:\/\/reddeportiva.net\/principal\/index.php?rest_route=\/wp\/v2\/posts\/214399\/revisions"}],"predecessor-version":[{"id":214400,"href":"https:\/\/reddeportiva.net\/principal\/index.php?rest_route=\/wp\/v2\/posts\/214399\/revisions\/214400"}],"wp:attachment":[{"href":"https:\/\/reddeportiva.net\/principal\/index.php?rest_route=%2Fwp%2Fv2%2Fmedia&parent=214399"}],"wp:term":[{"taxonomy":"category","embeddable":true,"href":"https:\/\/reddeportiva.net\/principal\/index.php?rest_route=%2Fwp%2Fv2%2Fcategories&post=214399"},{"taxonomy":"post_tag","embeddable":true,"href":"https:\/\/reddeportiva.net\/principal\/index.php?rest_route=%2Fwp%2Fv2%2Ftags&post=214399"}],"curies":[{"name":"wp","href":"https:\/\/api.w.org\/{rel}","templated":true}]}}