{"id":214058,"date":"2021-03-05T11:24:58","date_gmt":"2021-03-05T16:24:58","guid":{"rendered":"http:\/\/reddeportiva.net\/principal\/?p=214058"},"modified":"2021-03-05T11:24:59","modified_gmt":"2021-03-05T16:24:59","slug":"la-polemica-reforma-energetica-de-lopez-obrador-provoca-debate-tras-su-aprobacion","status":"publish","type":"post","link":"https:\/\/reddeportiva.net\/principal\/?p=214058","title":{"rendered":"La pol\u00e9mica reforma energ\u00e9tica de L\u00f3pez Obrador provoca debate tras su aprobaci\u00f3n"},"content":{"rendered":"\n<figure class=\"wp-block-embed is-type-video is-provider-youtube wp-block-embed-youtube wp-embed-aspect-16-9 wp-has-aspect-ratio\"><div class=\"wp-block-embed__wrapper\">\nhttps:\/\/www.youtube.com\/watch?v=aKfVpNwzQXU\n<\/div><\/figure>\n\n\n\n<p>M\u00e1s informaci\u00f3n: <a href=\"https:\/\/reddeportiva.net\/principal\/?s=reforma+energ%C3%A9tica\">https:\/\/reddeportiva.net\/principal\/?s=reforma+energ%C3%A9tica<\/a><\/p>\n","protected":false},"excerpt":{"rendered":"<p>M\u00e1s informaci\u00f3n: https:\/\/reddeportiva.net\/principal\/?s=reforma+energ%C3%A9tica<\/p>\n","protected":false},"author":1,"featured_media":0,"comment_status":"closed","ping_status":"closed","sticky":false,"template":"","format":"standard","meta":{"_exactmetrics_skip_tracking":false,"_exactmetrics_sitenote_active":false,"_exactmetrics_sitenote_note":"","_exactmetrics_sitenote_category":0,"ngg_post_thumbnail":0,"footnotes":""},"categories":[1278,1232,1368,1223,1300],"tags":[],"class_list":["post-214058","post","type-post","status-publish","format-standard","hentry","category-accion-politica-proyecciones","category-energia-produccion-proyecciones","category-energia-renovable-ambiente","category-mundo-politico","category-reforma-del-estado"],"_links":{"self":[{"href":"https:\/\/reddeportiva.net\/principal\/index.php?rest_route=\/wp\/v2\/posts\/214058","targetHints":{"allow":["GET"]}}],"collection":[{"href":"https:\/\/reddeportiva.net\/principal\/index.php?rest_route=\/wp\/v2\/posts"}],"about":[{"href":"https:\/\/reddeportiva.net\/principal\/index.php?rest_route=\/wp\/v2\/types\/post"}],"author":[{"embeddable":true,"href":"https:\/\/reddeportiva.net\/principal\/index.php?rest_route=\/wp\/v2\/users\/1"}],"replies":[{"embeddable":true,"href":"https:\/\/reddeportiva.net\/principal\/index.php?rest_route=%2Fwp%2Fv2%2Fcomments&post=214058"}],"version-history":[{"count":1,"href":"https:\/\/reddeportiva.net\/principal\/index.php?rest_route=\/wp\/v2\/posts\/214058\/revisions"}],"predecessor-version":[{"id":214059,"href":"https:\/\/reddeportiva.net\/principal\/index.php?rest_route=\/wp\/v2\/posts\/214058\/revisions\/214059"}],"wp:attachment":[{"href":"https:\/\/reddeportiva.net\/principal\/index.php?rest_route=%2Fwp%2Fv2%2Fmedia&parent=214058"}],"wp:term":[{"taxonomy":"category","embeddable":true,"href":"https:\/\/reddeportiva.net\/principal\/index.php?rest_route=%2Fwp%2Fv2%2Fcategories&post=214058"},{"taxonomy":"post_tag","embeddable":true,"href":"https:\/\/reddeportiva.net\/principal\/index.php?rest_route=%2Fwp%2Fv2%2Ftags&post=214058"}],"curies":[{"name":"wp","href":"https:\/\/api.w.org\/{rel}","templated":true}]}}