{"id":213821,"date":"2021-03-04T16:38:06","date_gmt":"2021-03-04T21:38:06","guid":{"rendered":"http:\/\/reddeportiva.net\/principal\/?p=213821"},"modified":"2021-03-04T16:38:09","modified_gmt":"2021-03-04T21:38:09","slug":"espana-repartidores-de-comida-protestan-contra-nueva-ley-que-los-regularia-y-piden-ser-autonomos","status":"publish","type":"post","link":"https:\/\/reddeportiva.net\/principal\/?p=213821","title":{"rendered":"Espa\u00f1a: Repartidores de comida protestan contra nueva ley que los regular\u00eda y piden ser aut\u00f3nomos"},"content":{"rendered":"\n<figure class=\"wp-block-embed is-type-video is-provider-youtube wp-block-embed-youtube wp-embed-aspect-16-9 wp-has-aspect-ratio\"><div class=\"wp-block-embed__wrapper\">\n<iframe loading=\"lazy\" title=\"Espa\u00f1a: Repartidores de comida protestan contra nueva ley que los regular\u00eda y piden ser aut\u00f3nomos\" width=\"625\" height=\"352\" src=\"https:\/\/www.youtube.com\/embed\/ppqbEZHT2IY?feature=oembed\" frameborder=\"0\" allow=\"accelerometer; autoplay; clipboard-write; encrypted-media; gyroscope; picture-in-picture; web-share\" referrerpolicy=\"strict-origin-when-cross-origin\" allowfullscreen><\/iframe>\n<\/div><\/figure>\n","protected":false},"excerpt":{"rendered":"","protected":false},"author":1,"featured_media":0,"comment_status":"closed","ping_status":"closed","sticky":false,"template":"","format":"standard","meta":{"_exactmetrics_skip_tracking":false,"_exactmetrics_sitenote_active":false,"_exactmetrics_sitenote_note":"","_exactmetrics_sitenote_category":0,"ngg_post_thumbnail":0,"footnotes":""},"categories":[1305,1337,1362,1307,1366,1293,1382,1353,1285,1381,1316],"tags":[],"class_list":["post-213821","post","type-post","status-publish","format-standard","hentry","category-accidentes","category-censura","category-colaboracion-personal","category-estado-de-derecho","category-marginacion","category-mundo-laboral","category-normalizacion","category-organizacion-multilateralismo-proyecciones","category-reciprocidad-proyecciones","category-seguridad-social","category-soluciones-comunitarias"],"_links":{"self":[{"href":"https:\/\/reddeportiva.net\/principal\/index.php?rest_route=\/wp\/v2\/posts\/213821","targetHints":{"allow":["GET"]}}],"collection":[{"href":"https:\/\/reddeportiva.net\/principal\/index.php?rest_route=\/wp\/v2\/posts"}],"about":[{"href":"https:\/\/reddeportiva.net\/principal\/index.php?rest_route=\/wp\/v2\/types\/post"}],"author":[{"embeddable":true,"href":"https:\/\/reddeportiva.net\/principal\/index.php?rest_route=\/wp\/v2\/users\/1"}],"replies":[{"embeddable":true,"href":"https:\/\/reddeportiva.net\/principal\/index.php?rest_route=%2Fwp%2Fv2%2Fcomments&post=213821"}],"version-history":[{"count":1,"href":"https:\/\/reddeportiva.net\/principal\/index.php?rest_route=\/wp\/v2\/posts\/213821\/revisions"}],"predecessor-version":[{"id":213822,"href":"https:\/\/reddeportiva.net\/principal\/index.php?rest_route=\/wp\/v2\/posts\/213821\/revisions\/213822"}],"wp:attachment":[{"href":"https:\/\/reddeportiva.net\/principal\/index.php?rest_route=%2Fwp%2Fv2%2Fmedia&parent=213821"}],"wp:term":[{"taxonomy":"category","embeddable":true,"href":"https:\/\/reddeportiva.net\/principal\/index.php?rest_route=%2Fwp%2Fv2%2Fcategories&post=213821"},{"taxonomy":"post_tag","embeddable":true,"href":"https:\/\/reddeportiva.net\/principal\/index.php?rest_route=%2Fwp%2Fv2%2Ftags&post=213821"}],"curies":[{"name":"wp","href":"https:\/\/api.w.org\/{rel}","templated":true}]}}