{"id":213818,"date":"2021-03-04T16:25:44","date_gmt":"2021-03-04T21:25:44","guid":{"rendered":"http:\/\/reddeportiva.net\/principal\/?p=213818"},"modified":"2021-03-04T16:25:47","modified_gmt":"2021-03-04T21:25:47","slug":"los-contagios-en-geriatricos-espanoles-se-desploman-tras-la-vacunacion-afp","status":"publish","type":"post","link":"https:\/\/reddeportiva.net\/principal\/?p=213818","title":{"rendered":"Los contagios en geri\u00e1tricos espa\u00f1oles se desploman tras la vacunaci\u00f3n | AFP"},"content":{"rendered":"\n<figure class=\"wp-block-embed is-type-video is-provider-youtube wp-block-embed-youtube wp-embed-aspect-16-9 wp-has-aspect-ratio\"><div class=\"wp-block-embed__wrapper\">\n<iframe loading=\"lazy\" title=\"Los contagios en geri\u00e1tricos espa\u00f1oles se desploman tras la vacunaci\u00f3n | AFP\" width=\"625\" height=\"352\" src=\"https:\/\/www.youtube.com\/embed\/Zogqy9zQJas?feature=oembed\" frameborder=\"0\" allow=\"accelerometer; autoplay; clipboard-write; encrypted-media; gyroscope; picture-in-picture; web-share\" referrerpolicy=\"strict-origin-when-cross-origin\" allowfullscreen><\/iframe>\n<\/div><\/figure>\n","protected":false},"excerpt":{"rendered":"","protected":false},"author":1,"featured_media":0,"comment_status":"closed","ping_status":"closed","sticky":false,"template":"","format":"standard","meta":{"_exactmetrics_skip_tracking":false,"_exactmetrics_sitenote_active":false,"_exactmetrics_sitenote_note":"","_exactmetrics_sitenote_category":0,"ngg_post_thumbnail":0,"footnotes":""},"categories":[1269,1284,584,94,1227,1302,1228],"tags":[],"class_list":["post-213818","post","type-post","status-publish","format-standard","hentry","category-gestion-proyecciones","category-higiene-salud","category-proyecciones-salud","category-salud-mental","category-testeo-salud","category-tratamiento-higiene-salud","category-vacunas-salud"],"_links":{"self":[{"href":"https:\/\/reddeportiva.net\/principal\/index.php?rest_route=\/wp\/v2\/posts\/213818","targetHints":{"allow":["GET"]}}],"collection":[{"href":"https:\/\/reddeportiva.net\/principal\/index.php?rest_route=\/wp\/v2\/posts"}],"about":[{"href":"https:\/\/reddeportiva.net\/principal\/index.php?rest_route=\/wp\/v2\/types\/post"}],"author":[{"embeddable":true,"href":"https:\/\/reddeportiva.net\/principal\/index.php?rest_route=\/wp\/v2\/users\/1"}],"replies":[{"embeddable":true,"href":"https:\/\/reddeportiva.net\/principal\/index.php?rest_route=%2Fwp%2Fv2%2Fcomments&post=213818"}],"version-history":[{"count":1,"href":"https:\/\/reddeportiva.net\/principal\/index.php?rest_route=\/wp\/v2\/posts\/213818\/revisions"}],"predecessor-version":[{"id":213819,"href":"https:\/\/reddeportiva.net\/principal\/index.php?rest_route=\/wp\/v2\/posts\/213818\/revisions\/213819"}],"wp:attachment":[{"href":"https:\/\/reddeportiva.net\/principal\/index.php?rest_route=%2Fwp%2Fv2%2Fmedia&parent=213818"}],"wp:term":[{"taxonomy":"category","embeddable":true,"href":"https:\/\/reddeportiva.net\/principal\/index.php?rest_route=%2Fwp%2Fv2%2Fcategories&post=213818"},{"taxonomy":"post_tag","embeddable":true,"href":"https:\/\/reddeportiva.net\/principal\/index.php?rest_route=%2Fwp%2Fv2%2Ftags&post=213818"}],"curies":[{"name":"wp","href":"https:\/\/api.w.org\/{rel}","templated":true}]}}