{"id":213601,"date":"2021-03-03T16:51:52","date_gmt":"2021-03-03T21:51:52","guid":{"rendered":"http:\/\/reddeportiva.net\/principal\/?p=213601"},"modified":"2021-03-03T16:51:55","modified_gmt":"2021-03-03T21:51:55","slug":"libertad-de-expresion-criticas-e-interrogantes-sobre-el-caso-del-rapero-espanol-pablo-hasel","status":"publish","type":"post","link":"https:\/\/reddeportiva.net\/principal\/?p=213601","title":{"rendered":"\u00bfLibertad de expresi\u00f3n?: Cr\u00edticas e interrogantes sobre el caso del rapero espa\u00f1ol Pablo Has\u00e9l"},"content":{"rendered":"\n<figure class=\"wp-block-embed is-type-video is-provider-youtube wp-block-embed-youtube wp-embed-aspect-16-9 wp-has-aspect-ratio\"><div class=\"wp-block-embed__wrapper\">\n<iframe loading=\"lazy\" title=\"\u00bfLibertad de expresi\u00f3n?: Cr\u00edticas e interrogantes sobre el caso del rapero espa\u00f1ol Pablo Has\u00e9l\" width=\"625\" height=\"352\" src=\"https:\/\/www.youtube.com\/embed\/juzEzHmHSFw?feature=oembed\" frameborder=\"0\" allow=\"accelerometer; autoplay; clipboard-write; encrypted-media; gyroscope; picture-in-picture; web-share\" referrerpolicy=\"strict-origin-when-cross-origin\" allowfullscreen><\/iframe>\n<\/div><\/figure>\n\n\n\n<p>M\u00e1s informaci\u00f3n: <a href=\"https:\/\/reddeportiva.net\/principal\/?s=Hasel\">https:\/\/reddeportiva.net\/principal\/?s=Hasel<\/a><\/p>\n","protected":false},"excerpt":{"rendered":"<p>M\u00e1s informaci\u00f3n: https:\/\/reddeportiva.net\/principal\/?s=Hasel<\/p>\n","protected":false},"author":1,"featured_media":0,"comment_status":"closed","ping_status":"closed","sticky":false,"template":"","format":"standard","meta":{"_exactmetrics_skip_tracking":false,"_exactmetrics_sitenote_active":false,"_exactmetrics_sitenote_note":"","_exactmetrics_sitenote_category":0,"ngg_post_thumbnail":0,"footnotes":""},"categories":[1278,1337,1282,1339,1310,1237,1223,1311,1308,1299,1304],"tags":[],"class_list":["post-213601","post","type-post","status-publish","format-standard","hentry","category-accion-politica-proyecciones","category-censura","category-control-proyecciones","category-denuncias","category-judicial","category-libertades","category-mundo-politico","category-orden-y-disciplina","category-politizacion","category-protestas","category-rebelion"],"_links":{"self":[{"href":"https:\/\/reddeportiva.net\/principal\/index.php?rest_route=\/wp\/v2\/posts\/213601","targetHints":{"allow":["GET"]}}],"collection":[{"href":"https:\/\/reddeportiva.net\/principal\/index.php?rest_route=\/wp\/v2\/posts"}],"about":[{"href":"https:\/\/reddeportiva.net\/principal\/index.php?rest_route=\/wp\/v2\/types\/post"}],"author":[{"embeddable":true,"href":"https:\/\/reddeportiva.net\/principal\/index.php?rest_route=\/wp\/v2\/users\/1"}],"replies":[{"embeddable":true,"href":"https:\/\/reddeportiva.net\/principal\/index.php?rest_route=%2Fwp%2Fv2%2Fcomments&post=213601"}],"version-history":[{"count":1,"href":"https:\/\/reddeportiva.net\/principal\/index.php?rest_route=\/wp\/v2\/posts\/213601\/revisions"}],"predecessor-version":[{"id":213602,"href":"https:\/\/reddeportiva.net\/principal\/index.php?rest_route=\/wp\/v2\/posts\/213601\/revisions\/213602"}],"wp:attachment":[{"href":"https:\/\/reddeportiva.net\/principal\/index.php?rest_route=%2Fwp%2Fv2%2Fmedia&parent=213601"}],"wp:term":[{"taxonomy":"category","embeddable":true,"href":"https:\/\/reddeportiva.net\/principal\/index.php?rest_route=%2Fwp%2Fv2%2Fcategories&post=213601"},{"taxonomy":"post_tag","embeddable":true,"href":"https:\/\/reddeportiva.net\/principal\/index.php?rest_route=%2Fwp%2Fv2%2Ftags&post=213601"}],"curies":[{"name":"wp","href":"https:\/\/api.w.org\/{rel}","templated":true}]}}