{"id":213427,"date":"2021-03-02T23:10:09","date_gmt":"2021-03-03T04:10:09","guid":{"rendered":"http:\/\/reddeportiva.net\/principal\/?p=213427"},"modified":"2021-03-02T23:10:11","modified_gmt":"2021-03-03T04:10:11","slug":"netanyahu-afirma-que-iran-esta-detras-de-la-explosion-de-un-barco-israeli","status":"publish","type":"post","link":"https:\/\/reddeportiva.net\/principal\/?p=213427","title":{"rendered":"Netanyahu afirma que Ir\u00e1n est\u00e1 detr\u00e1s de la explosi\u00f3n de un barco israel\u00ed"},"content":{"rendered":"\n<figure class=\"wp-block-embed is-type-video is-provider-youtube wp-block-embed-youtube wp-embed-aspect-16-9 wp-has-aspect-ratio\"><div class=\"wp-block-embed__wrapper\">\n<iframe loading=\"lazy\" title=\"Netanyahu afirma que Ir\u00e1n est\u00e1 detr\u00e1s de la explosi\u00f3n de un barco israel\u00ed\" width=\"625\" height=\"352\" src=\"https:\/\/www.youtube.com\/embed\/gIFCfVSfrHA?feature=oembed\" frameborder=\"0\" allow=\"accelerometer; autoplay; clipboard-write; encrypted-media; gyroscope; picture-in-picture; web-share\" referrerpolicy=\"strict-origin-when-cross-origin\" allowfullscreen><\/iframe>\n<\/div><\/figure>\n","protected":false},"excerpt":{"rendered":"","protected":false},"author":1,"featured_media":0,"comment_status":"closed","ping_status":"closed","sticky":false,"template":"","format":"standard","meta":{"_exactmetrics_skip_tracking":false,"_exactmetrics_sitenote_active":false,"_exactmetrics_sitenote_note":"","_exactmetrics_sitenote_category":0,"ngg_post_thumbnail":0,"footnotes":""},"categories":[1278,1262,1364,1202,1358,1223,1311,1353,779,871],"tags":[],"class_list":["post-213427","post","type-post","status-publish","format-standard","hentry","category-accion-politica-proyecciones","category-acuerdos","category-arabe-islamico","category-geopolitica-proyecciones","category-indo-pacific","category-mundo-politico","category-orden-y-disciplina","category-organizacion-multilateralismo-proyecciones","category-proyecciones","category-proyecciones-rutas-de-comercio"],"_links":{"self":[{"href":"https:\/\/reddeportiva.net\/principal\/index.php?rest_route=\/wp\/v2\/posts\/213427","targetHints":{"allow":["GET"]}}],"collection":[{"href":"https:\/\/reddeportiva.net\/principal\/index.php?rest_route=\/wp\/v2\/posts"}],"about":[{"href":"https:\/\/reddeportiva.net\/principal\/index.php?rest_route=\/wp\/v2\/types\/post"}],"author":[{"embeddable":true,"href":"https:\/\/reddeportiva.net\/principal\/index.php?rest_route=\/wp\/v2\/users\/1"}],"replies":[{"embeddable":true,"href":"https:\/\/reddeportiva.net\/principal\/index.php?rest_route=%2Fwp%2Fv2%2Fcomments&post=213427"}],"version-history":[{"count":1,"href":"https:\/\/reddeportiva.net\/principal\/index.php?rest_route=\/wp\/v2\/posts\/213427\/revisions"}],"predecessor-version":[{"id":213428,"href":"https:\/\/reddeportiva.net\/principal\/index.php?rest_route=\/wp\/v2\/posts\/213427\/revisions\/213428"}],"wp:attachment":[{"href":"https:\/\/reddeportiva.net\/principal\/index.php?rest_route=%2Fwp%2Fv2%2Fmedia&parent=213427"}],"wp:term":[{"taxonomy":"category","embeddable":true,"href":"https:\/\/reddeportiva.net\/principal\/index.php?rest_route=%2Fwp%2Fv2%2Fcategories&post=213427"},{"taxonomy":"post_tag","embeddable":true,"href":"https:\/\/reddeportiva.net\/principal\/index.php?rest_route=%2Fwp%2Fv2%2Ftags&post=213427"}],"curies":[{"name":"wp","href":"https:\/\/api.w.org\/{rel}","templated":true}]}}