{"id":213084,"date":"2021-03-01T06:57:55","date_gmt":"2021-03-01T11:57:55","guid":{"rendered":"http:\/\/reddeportiva.net\/principal\/?p=213084"},"modified":"2021-03-01T07:10:29","modified_gmt":"2021-03-01T12:10:29","slug":"tiene-argentina-la-politica-mas-cara-del-mundo-el-paraiso-de-los-politicos-visualpolitik","status":"publish","type":"post","link":"https:\/\/reddeportiva.net\/principal\/?p=213084","title":{"rendered":"\u00bfTiene ARGENTINA la POL\u00cdTICA m\u00e1s CARA del mundo? El para\u00edso de los pol\u00edticos &#8211; VisualPolitik"},"content":{"rendered":"\n<figure class=\"wp-block-embed is-type-video is-provider-youtube wp-block-embed-youtube wp-embed-aspect-16-9 wp-has-aspect-ratio\"><div class=\"wp-block-embed__wrapper\">\n<iframe loading=\"lazy\" title=\"\u00bfTiene ARGENTINA la POL\u00cdTICA m\u00e1s CARA del mundo? El para\u00edso de los pol\u00edticos - VisualPolitik\" width=\"625\" height=\"352\" src=\"https:\/\/www.youtube.com\/embed\/ZKGkLZ-IgjI?feature=oembed\" frameborder=\"0\" allow=\"accelerometer; autoplay; clipboard-write; encrypted-media; gyroscope; picture-in-picture; web-share\" referrerpolicy=\"strict-origin-when-cross-origin\" allowfullscreen><\/iframe>\n<\/div><\/figure>\n","protected":false},"excerpt":{"rendered":"","protected":false},"author":1,"featured_media":0,"comment_status":"closed","ping_status":"closed","sticky":false,"template":"","format":"standard","meta":{"_exactmetrics_skip_tracking":false,"_exactmetrics_sitenote_active":false,"_exactmetrics_sitenote_note":"","_exactmetrics_sitenote_category":0,"ngg_post_thumbnail":0,"footnotes":""},"categories":[1325,1223,779,1209],"tags":[],"class_list":["post-213084","post","type-post","status-publish","format-standard","hentry","category-excesos-del-poder","category-mundo-politico","category-proyecciones","category-proyecciones-instituciones"],"_links":{"self":[{"href":"https:\/\/reddeportiva.net\/principal\/index.php?rest_route=\/wp\/v2\/posts\/213084","targetHints":{"allow":["GET"]}}],"collection":[{"href":"https:\/\/reddeportiva.net\/principal\/index.php?rest_route=\/wp\/v2\/posts"}],"about":[{"href":"https:\/\/reddeportiva.net\/principal\/index.php?rest_route=\/wp\/v2\/types\/post"}],"author":[{"embeddable":true,"href":"https:\/\/reddeportiva.net\/principal\/index.php?rest_route=\/wp\/v2\/users\/1"}],"replies":[{"embeddable":true,"href":"https:\/\/reddeportiva.net\/principal\/index.php?rest_route=%2Fwp%2Fv2%2Fcomments&post=213084"}],"version-history":[{"count":1,"href":"https:\/\/reddeportiva.net\/principal\/index.php?rest_route=\/wp\/v2\/posts\/213084\/revisions"}],"predecessor-version":[{"id":213085,"href":"https:\/\/reddeportiva.net\/principal\/index.php?rest_route=\/wp\/v2\/posts\/213084\/revisions\/213085"}],"wp:attachment":[{"href":"https:\/\/reddeportiva.net\/principal\/index.php?rest_route=%2Fwp%2Fv2%2Fmedia&parent=213084"}],"wp:term":[{"taxonomy":"category","embeddable":true,"href":"https:\/\/reddeportiva.net\/principal\/index.php?rest_route=%2Fwp%2Fv2%2Fcategories&post=213084"},{"taxonomy":"post_tag","embeddable":true,"href":"https:\/\/reddeportiva.net\/principal\/index.php?rest_route=%2Fwp%2Fv2%2Ftags&post=213084"}],"curies":[{"name":"wp","href":"https:\/\/api.w.org\/{rel}","templated":true}]}}