{"id":212918,"date":"2021-02-28T09:14:37","date_gmt":"2021-02-28T14:14:37","guid":{"rendered":"http:\/\/reddeportiva.net\/principal\/?p=212918"},"modified":"2021-02-28T09:14:39","modified_gmt":"2021-02-28T14:14:39","slug":"danan-negocios-durante-la-ultima-protesta-en-barcelona-por-el-caso-hasel","status":"publish","type":"post","link":"https:\/\/reddeportiva.net\/principal\/?p=212918","title":{"rendered":"Da\u00f1an negocios durante la \u00faltima protesta en Barcelona por el caso Has\u00e9l"},"content":{"rendered":"\n<figure class=\"wp-block-embed is-type-video is-provider-youtube wp-block-embed-youtube wp-embed-aspect-16-9 wp-has-aspect-ratio\"><div class=\"wp-block-embed__wrapper\">\n<iframe loading=\"lazy\" title=\"Da\u00f1an negocios durante la \u00faltima protesta en Barcelona por el caso Has\u00e9l\" width=\"625\" height=\"352\" src=\"https:\/\/www.youtube.com\/embed\/17WPLh4a8q4?feature=oembed\" frameborder=\"0\" allow=\"accelerometer; autoplay; clipboard-write; encrypted-media; gyroscope; picture-in-picture; web-share\" referrerpolicy=\"strict-origin-when-cross-origin\" allowfullscreen><\/iframe>\n<\/div><\/figure>\n","protected":false},"excerpt":{"rendered":"","protected":false},"author":1,"featured_media":0,"comment_status":"closed","ping_status":"closed","sticky":false,"template":"","format":"standard","meta":{"_exactmetrics_skip_tracking":false,"_exactmetrics_sitenote_active":false,"_exactmetrics_sitenote_note":"","_exactmetrics_sitenote_category":0,"ngg_post_thumbnail":0,"footnotes":""},"categories":[1282,1307,1310,1223,1311,1299,1199,1208,1301],"tags":[],"class_list":["post-212918","post","type-post","status-publish","format-standard","hentry","category-control-proyecciones","category-estado-de-derecho","category-judicial","category-mundo-politico","category-orden-y-disciplina","category-protestas","category-proyecciones-drogas-y-crimen-malas-practicas","category-proyecciones-prensa-derechos-bienestar","category-terrorismo"],"_links":{"self":[{"href":"https:\/\/reddeportiva.net\/principal\/index.php?rest_route=\/wp\/v2\/posts\/212918","targetHints":{"allow":["GET"]}}],"collection":[{"href":"https:\/\/reddeportiva.net\/principal\/index.php?rest_route=\/wp\/v2\/posts"}],"about":[{"href":"https:\/\/reddeportiva.net\/principal\/index.php?rest_route=\/wp\/v2\/types\/post"}],"author":[{"embeddable":true,"href":"https:\/\/reddeportiva.net\/principal\/index.php?rest_route=\/wp\/v2\/users\/1"}],"replies":[{"embeddable":true,"href":"https:\/\/reddeportiva.net\/principal\/index.php?rest_route=%2Fwp%2Fv2%2Fcomments&post=212918"}],"version-history":[{"count":1,"href":"https:\/\/reddeportiva.net\/principal\/index.php?rest_route=\/wp\/v2\/posts\/212918\/revisions"}],"predecessor-version":[{"id":212919,"href":"https:\/\/reddeportiva.net\/principal\/index.php?rest_route=\/wp\/v2\/posts\/212918\/revisions\/212919"}],"wp:attachment":[{"href":"https:\/\/reddeportiva.net\/principal\/index.php?rest_route=%2Fwp%2Fv2%2Fmedia&parent=212918"}],"wp:term":[{"taxonomy":"category","embeddable":true,"href":"https:\/\/reddeportiva.net\/principal\/index.php?rest_route=%2Fwp%2Fv2%2Fcategories&post=212918"},{"taxonomy":"post_tag","embeddable":true,"href":"https:\/\/reddeportiva.net\/principal\/index.php?rest_route=%2Fwp%2Fv2%2Ftags&post=212918"}],"curies":[{"name":"wp","href":"https:\/\/api.w.org\/{rel}","templated":true}]}}