{"id":211828,"date":"2021-02-23T18:52:58","date_gmt":"2021-02-23T23:52:58","guid":{"rendered":"http:\/\/reddeportiva.net\/principal\/?p=211828"},"modified":"2021-02-23T18:53:00","modified_gmt":"2021-02-23T23:53:00","slug":"clima-celebran-regreso-de-norteamerica-al-acuerdo-de-paris-sobre-el-cambio-climatico","status":"publish","type":"post","link":"https:\/\/reddeportiva.net\/principal\/?p=211828","title":{"rendered":"Clima: celebran regreso de Norteam\u00e9rica al acuerdo de Par\u00eds sobre el cambio clim\u00e1tico"},"content":{"rendered":"\n<figure class=\"wp-block-embed is-type-video is-provider-youtube wp-block-embed-youtube wp-embed-aspect-16-9 wp-has-aspect-ratio\"><div class=\"wp-block-embed__wrapper\">\n<iframe loading=\"lazy\" title=\"Clima: celebran regreso de Norteam\u00e9rica al acuerdo de Par\u00eds sobre el cambio clim\u00e1tico\" width=\"625\" height=\"352\" src=\"https:\/\/www.youtube.com\/embed\/JUIF7k3Yf2g?feature=oembed\" frameborder=\"0\" allow=\"accelerometer; autoplay; clipboard-write; encrypted-media; gyroscope; picture-in-picture; web-share\" referrerpolicy=\"strict-origin-when-cross-origin\" allowfullscreen><\/iframe>\n<\/div><\/figure>\n","protected":false},"excerpt":{"rendered":"","protected":false},"author":1,"featured_media":0,"comment_status":"closed","ping_status":"closed","sticky":false,"template":"","format":"standard","meta":{"_exactmetrics_skip_tracking":false,"_exactmetrics_sitenote_active":false,"_exactmetrics_sitenote_note":"","_exactmetrics_sitenote_category":0,"ngg_post_thumbnail":0,"footnotes":""},"categories":[1262,1359,1254,1275,1342,1368,1268,1264,1223,1353,1218,779,603,1257],"tags":[],"class_list":["post-211828","post","type-post","status-publish","format-standard","hentry","category-acuerdos","category-biodiversidad-ambiente","category-cambio-climatico-ambiente","category-civismo-proyecciones","category-contaminacion-ambiente","category-energia-renovable-ambiente","category-liderazgos-proyecciones","category-mundo-natural","category-mundo-politico","category-organizacion-multilateralismo-proyecciones","category-proteccion-naturaleza-ambiente","category-proyecciones","category-proyecciones-sostenible","category-reciclaje-ambiente"],"_links":{"self":[{"href":"https:\/\/reddeportiva.net\/principal\/index.php?rest_route=\/wp\/v2\/posts\/211828","targetHints":{"allow":["GET"]}}],"collection":[{"href":"https:\/\/reddeportiva.net\/principal\/index.php?rest_route=\/wp\/v2\/posts"}],"about":[{"href":"https:\/\/reddeportiva.net\/principal\/index.php?rest_route=\/wp\/v2\/types\/post"}],"author":[{"embeddable":true,"href":"https:\/\/reddeportiva.net\/principal\/index.php?rest_route=\/wp\/v2\/users\/1"}],"replies":[{"embeddable":true,"href":"https:\/\/reddeportiva.net\/principal\/index.php?rest_route=%2Fwp%2Fv2%2Fcomments&post=211828"}],"version-history":[{"count":1,"href":"https:\/\/reddeportiva.net\/principal\/index.php?rest_route=\/wp\/v2\/posts\/211828\/revisions"}],"predecessor-version":[{"id":211829,"href":"https:\/\/reddeportiva.net\/principal\/index.php?rest_route=\/wp\/v2\/posts\/211828\/revisions\/211829"}],"wp:attachment":[{"href":"https:\/\/reddeportiva.net\/principal\/index.php?rest_route=%2Fwp%2Fv2%2Fmedia&parent=211828"}],"wp:term":[{"taxonomy":"category","embeddable":true,"href":"https:\/\/reddeportiva.net\/principal\/index.php?rest_route=%2Fwp%2Fv2%2Fcategories&post=211828"},{"taxonomy":"post_tag","embeddable":true,"href":"https:\/\/reddeportiva.net\/principal\/index.php?rest_route=%2Fwp%2Fv2%2Ftags&post=211828"}],"curies":[{"name":"wp","href":"https:\/\/api.w.org\/{rel}","templated":true}]}}