{"id":211802,"date":"2021-02-23T17:51:07","date_gmt":"2021-02-23T22:51:07","guid":{"rendered":"http:\/\/reddeportiva.net\/principal\/?p=211802"},"modified":"2021-02-23T17:51:10","modified_gmt":"2021-02-23T22:51:10","slug":"queremos-carcel-contra-maltratadores-de-ninos-claman-manifestantes-en-panama-afp","status":"publish","type":"post","link":"https:\/\/reddeportiva.net\/principal\/?p=211802","title":{"rendered":"\u00abQueremos c\u00e1rcel\u00bb contra maltratadores de ni\u00f1os, claman manifestantes en Panam\u00e1 | AFP"},"content":{"rendered":"\n<figure class=\"wp-block-embed is-type-video is-provider-youtube wp-block-embed-youtube wp-embed-aspect-16-9 wp-has-aspect-ratio\"><div class=\"wp-block-embed__wrapper\">\n<iframe loading=\"lazy\" title=\"&quot;Queremos c\u00e1rcel&quot; contra maltratadores de ni\u00f1os, claman manifestantes en Panam\u00e1 | AFP\" width=\"625\" height=\"352\" src=\"https:\/\/www.youtube.com\/embed\/zY7TZiY5dww?feature=oembed\" frameborder=\"0\" allow=\"accelerometer; autoplay; clipboard-write; encrypted-media; gyroscope; picture-in-picture; web-share\" referrerpolicy=\"strict-origin-when-cross-origin\" allowfullscreen><\/iframe>\n<\/div><\/figure>\n","protected":false},"excerpt":{"rendered":"","protected":false},"author":1,"featured_media":0,"comment_status":"closed","ping_status":"closed","sticky":false,"template":"","format":"standard","meta":{"_exactmetrics_skip_tracking":false,"_exactmetrics_sitenote_active":false,"_exactmetrics_sitenote_note":"","_exactmetrics_sitenote_category":0,"ngg_post_thumbnail":0,"footnotes":""},"categories":[1253,1369,1275,1282,1271,1325,1219,1210,1300],"tags":[],"class_list":["post-211802","post","type-post","status-publish","format-standard","hentry","category-buenas-practicas","category-ciudadano","category-civismo-proyecciones","category-control-proyecciones","category-excelencia","category-excesos-del-poder","category-mundo-familiar","category-proyecciones-accion-civica","category-reforma-del-estado"],"_links":{"self":[{"href":"https:\/\/reddeportiva.net\/principal\/index.php?rest_route=\/wp\/v2\/posts\/211802","targetHints":{"allow":["GET"]}}],"collection":[{"href":"https:\/\/reddeportiva.net\/principal\/index.php?rest_route=\/wp\/v2\/posts"}],"about":[{"href":"https:\/\/reddeportiva.net\/principal\/index.php?rest_route=\/wp\/v2\/types\/post"}],"author":[{"embeddable":true,"href":"https:\/\/reddeportiva.net\/principal\/index.php?rest_route=\/wp\/v2\/users\/1"}],"replies":[{"embeddable":true,"href":"https:\/\/reddeportiva.net\/principal\/index.php?rest_route=%2Fwp%2Fv2%2Fcomments&post=211802"}],"version-history":[{"count":1,"href":"https:\/\/reddeportiva.net\/principal\/index.php?rest_route=\/wp\/v2\/posts\/211802\/revisions"}],"predecessor-version":[{"id":211803,"href":"https:\/\/reddeportiva.net\/principal\/index.php?rest_route=\/wp\/v2\/posts\/211802\/revisions\/211803"}],"wp:attachment":[{"href":"https:\/\/reddeportiva.net\/principal\/index.php?rest_route=%2Fwp%2Fv2%2Fmedia&parent=211802"}],"wp:term":[{"taxonomy":"category","embeddable":true,"href":"https:\/\/reddeportiva.net\/principal\/index.php?rest_route=%2Fwp%2Fv2%2Fcategories&post=211802"},{"taxonomy":"post_tag","embeddable":true,"href":"https:\/\/reddeportiva.net\/principal\/index.php?rest_route=%2Fwp%2Fv2%2Ftags&post=211802"}],"curies":[{"name":"wp","href":"https:\/\/api.w.org\/{rel}","templated":true}]}}