{"id":211757,"date":"2021-02-24T21:03:24","date_gmt":"2021-02-25T02:03:24","guid":{"rendered":"http:\/\/reddeportiva.net\/principal\/?p=211757"},"modified":"2021-02-24T21:03:26","modified_gmt":"2021-02-25T02:03:26","slug":"se-calman-los-animos-en-la-septima-noche-de-protestas-en-barcelona-por-la-detencion-de-pablo-ha","status":"publish","type":"post","link":"https:\/\/reddeportiva.net\/principal\/?p=211757","title":{"rendered":"Se calman los \u00e1nimos en la s\u00e9ptima noche de protestas en Barcelona por la detenci\u00f3n de Pablo Ha\u2026"},"content":{"rendered":"\n<figure class=\"wp-block-embed is-type-video is-provider-youtube wp-block-embed-youtube wp-embed-aspect-16-9 wp-has-aspect-ratio\"><div class=\"wp-block-embed__wrapper\">\n<iframe loading=\"lazy\" title=\"Se calman los \u00e1nimos en la s\u00e9ptima noche de protestas en Barcelona por la detenci\u00f3n de Pablo Has\u00e9l\" width=\"625\" height=\"352\" src=\"https:\/\/www.youtube.com\/embed\/vVfXsOaPjh8?feature=oembed\" frameborder=\"0\" allow=\"accelerometer; autoplay; clipboard-write; encrypted-media; gyroscope; picture-in-picture; web-share\" referrerpolicy=\"strict-origin-when-cross-origin\" allowfullscreen><\/iframe>\n<\/div><\/figure>\n","protected":false},"excerpt":{"rendered":"","protected":false},"author":1,"featured_media":0,"comment_status":"closed","ping_status":"closed","sticky":false,"template":"","format":"standard","meta":{"_exactmetrics_skip_tracking":false,"_exactmetrics_sitenote_active":false,"_exactmetrics_sitenote_note":"","_exactmetrics_sitenote_category":0,"ngg_post_thumbnail":0,"footnotes":""},"categories":[1278,1282,1307,1310,1311,1299,1199,1301,1328],"tags":[],"class_list":["post-211757","post","type-post","status-publish","format-standard","hentry","category-accion-politica-proyecciones","category-control-proyecciones","category-estado-de-derecho","category-judicial","category-orden-y-disciplina","category-protestas","category-proyecciones-drogas-y-crimen-malas-practicas","category-terrorismo","category-tutelaje"],"_links":{"self":[{"href":"https:\/\/reddeportiva.net\/principal\/index.php?rest_route=\/wp\/v2\/posts\/211757","targetHints":{"allow":["GET"]}}],"collection":[{"href":"https:\/\/reddeportiva.net\/principal\/index.php?rest_route=\/wp\/v2\/posts"}],"about":[{"href":"https:\/\/reddeportiva.net\/principal\/index.php?rest_route=\/wp\/v2\/types\/post"}],"author":[{"embeddable":true,"href":"https:\/\/reddeportiva.net\/principal\/index.php?rest_route=\/wp\/v2\/users\/1"}],"replies":[{"embeddable":true,"href":"https:\/\/reddeportiva.net\/principal\/index.php?rest_route=%2Fwp%2Fv2%2Fcomments&post=211757"}],"version-history":[{"count":1,"href":"https:\/\/reddeportiva.net\/principal\/index.php?rest_route=\/wp\/v2\/posts\/211757\/revisions"}],"predecessor-version":[{"id":211758,"href":"https:\/\/reddeportiva.net\/principal\/index.php?rest_route=\/wp\/v2\/posts\/211757\/revisions\/211758"}],"wp:attachment":[{"href":"https:\/\/reddeportiva.net\/principal\/index.php?rest_route=%2Fwp%2Fv2%2Fmedia&parent=211757"}],"wp:term":[{"taxonomy":"category","embeddable":true,"href":"https:\/\/reddeportiva.net\/principal\/index.php?rest_route=%2Fwp%2Fv2%2Fcategories&post=211757"},{"taxonomy":"post_tag","embeddable":true,"href":"https:\/\/reddeportiva.net\/principal\/index.php?rest_route=%2Fwp%2Fv2%2Ftags&post=211757"}],"curies":[{"name":"wp","href":"https:\/\/api.w.org\/{rel}","templated":true}]}}