{"id":211741,"date":"2021-02-23T11:51:04","date_gmt":"2021-02-23T16:51:04","guid":{"rendered":"http:\/\/reddeportiva.net\/principal\/?p=211741"},"modified":"2021-02-23T11:51:06","modified_gmt":"2021-02-23T16:51:06","slug":"indignacion-en-panama-por-el-escandalo-de-abusos-contra-menores-en-centros-de-acogida","status":"publish","type":"post","link":"https:\/\/reddeportiva.net\/principal\/?p=211741","title":{"rendered":"Indignaci\u00f3n en Panam\u00e1 por el esc\u00e1ndalo de abusos contra menores en centros de acogida"},"content":{"rendered":"\n<figure class=\"wp-block-embed is-type-video is-provider-youtube wp-block-embed-youtube wp-embed-aspect-16-9 wp-has-aspect-ratio\"><div class=\"wp-block-embed__wrapper\">\n<iframe loading=\"lazy\" title=\"Indignaci\u00f3n en Panam\u00e1 por el esc\u00e1ndalo de abusos contra menores en centros de acogida\" width=\"625\" height=\"352\" src=\"https:\/\/www.youtube.com\/embed\/cjEWSenUFwo?feature=oembed\" frameborder=\"0\" allow=\"accelerometer; autoplay; clipboard-write; encrypted-media; gyroscope; picture-in-picture; web-share\" referrerpolicy=\"strict-origin-when-cross-origin\" allowfullscreen><\/iframe>\n<\/div><\/figure>\n","protected":false},"excerpt":{"rendered":"","protected":false},"author":1,"featured_media":0,"comment_status":"closed","ping_status":"closed","sticky":false,"template":"","format":"standard","meta":{"_exactmetrics_skip_tracking":false,"_exactmetrics_sitenote_active":false,"_exactmetrics_sitenote_note":"","_exactmetrics_sitenote_category":0,"ngg_post_thumbnail":0,"footnotes":""},"categories":[1339,1325,1309,1241,1219],"tags":[],"class_list":["post-211741","post","type-post","status-publish","format-standard","hentry","category-denuncias","category-excesos-del-poder","category-faltas-y-delitos","category-gobernanza","category-mundo-familiar"],"_links":{"self":[{"href":"https:\/\/reddeportiva.net\/principal\/index.php?rest_route=\/wp\/v2\/posts\/211741","targetHints":{"allow":["GET"]}}],"collection":[{"href":"https:\/\/reddeportiva.net\/principal\/index.php?rest_route=\/wp\/v2\/posts"}],"about":[{"href":"https:\/\/reddeportiva.net\/principal\/index.php?rest_route=\/wp\/v2\/types\/post"}],"author":[{"embeddable":true,"href":"https:\/\/reddeportiva.net\/principal\/index.php?rest_route=\/wp\/v2\/users\/1"}],"replies":[{"embeddable":true,"href":"https:\/\/reddeportiva.net\/principal\/index.php?rest_route=%2Fwp%2Fv2%2Fcomments&post=211741"}],"version-history":[{"count":1,"href":"https:\/\/reddeportiva.net\/principal\/index.php?rest_route=\/wp\/v2\/posts\/211741\/revisions"}],"predecessor-version":[{"id":211742,"href":"https:\/\/reddeportiva.net\/principal\/index.php?rest_route=\/wp\/v2\/posts\/211741\/revisions\/211742"}],"wp:attachment":[{"href":"https:\/\/reddeportiva.net\/principal\/index.php?rest_route=%2Fwp%2Fv2%2Fmedia&parent=211741"}],"wp:term":[{"taxonomy":"category","embeddable":true,"href":"https:\/\/reddeportiva.net\/principal\/index.php?rest_route=%2Fwp%2Fv2%2Fcategories&post=211741"},{"taxonomy":"post_tag","embeddable":true,"href":"https:\/\/reddeportiva.net\/principal\/index.php?rest_route=%2Fwp%2Fv2%2Ftags&post=211741"}],"curies":[{"name":"wp","href":"https:\/\/api.w.org\/{rel}","templated":true}]}}