{"id":211583,"date":"2021-02-22T19:20:22","date_gmt":"2021-02-23T00:20:22","guid":{"rendered":"http:\/\/reddeportiva.net\/principal\/?p=211583"},"modified":"2021-02-22T19:27:01","modified_gmt":"2021-02-23T00:27:01","slug":"doble-condena-para-alexei-navalny-difamacion-y-violacion-de-libertad-condicional","status":"publish","type":"post","link":"https:\/\/reddeportiva.net\/principal\/?p=211583","title":{"rendered":"Doble condena para Alex\u00e9i Navalny: difamaci\u00f3n y violaci\u00f3n de libertad condicional"},"content":{"rendered":"\n<figure class=\"wp-block-embed is-type-video is-provider-youtube wp-block-embed-youtube wp-embed-aspect-16-9 wp-has-aspect-ratio\"><div class=\"wp-block-embed__wrapper\">\n<iframe loading=\"lazy\" title=\"Doble condena para Alex\u00e9i Navalny: difamaci\u00f3n y violaci\u00f3n de libertad condicional\" width=\"625\" height=\"352\" src=\"https:\/\/www.youtube.com\/embed\/JX2WXeI2y1g?feature=oembed\" frameborder=\"0\" allow=\"accelerometer; autoplay; clipboard-write; encrypted-media; gyroscope; picture-in-picture; web-share\" referrerpolicy=\"strict-origin-when-cross-origin\" allowfullscreen><\/iframe>\n<\/div><\/figure>\n","protected":false},"excerpt":{"rendered":"","protected":false},"author":1,"featured_media":0,"comment_status":"closed","ping_status":"closed","sticky":false,"template":"","format":"standard","meta":{"_exactmetrics_skip_tracking":false,"_exactmetrics_sitenote_active":false,"_exactmetrics_sitenote_note":"","_exactmetrics_sitenote_category":0,"ngg_post_thumbnail":0,"footnotes":""},"categories":[1278,1325,1309,1202,1223,1353,1308,779,1199,659,1213,1356],"tags":[],"class_list":["post-211583","post","type-post","status-publish","format-standard","hentry","category-accion-politica-proyecciones","category-excesos-del-poder","category-faltas-y-delitos","category-geopolitica-proyecciones","category-mundo-politico","category-organizacion-multilateralismo-proyecciones","category-politizacion","category-proyecciones","category-proyecciones-drogas-y-crimen-malas-practicas","category-proyecciones-seguridad","category-proyecciones-tecnologicas","category-rusia-proyecciones-multilateralismo"],"_links":{"self":[{"href":"https:\/\/reddeportiva.net\/principal\/index.php?rest_route=\/wp\/v2\/posts\/211583","targetHints":{"allow":["GET"]}}],"collection":[{"href":"https:\/\/reddeportiva.net\/principal\/index.php?rest_route=\/wp\/v2\/posts"}],"about":[{"href":"https:\/\/reddeportiva.net\/principal\/index.php?rest_route=\/wp\/v2\/types\/post"}],"author":[{"embeddable":true,"href":"https:\/\/reddeportiva.net\/principal\/index.php?rest_route=\/wp\/v2\/users\/1"}],"replies":[{"embeddable":true,"href":"https:\/\/reddeportiva.net\/principal\/index.php?rest_route=%2Fwp%2Fv2%2Fcomments&post=211583"}],"version-history":[{"count":1,"href":"https:\/\/reddeportiva.net\/principal\/index.php?rest_route=\/wp\/v2\/posts\/211583\/revisions"}],"predecessor-version":[{"id":211584,"href":"https:\/\/reddeportiva.net\/principal\/index.php?rest_route=\/wp\/v2\/posts\/211583\/revisions\/211584"}],"wp:attachment":[{"href":"https:\/\/reddeportiva.net\/principal\/index.php?rest_route=%2Fwp%2Fv2%2Fmedia&parent=211583"}],"wp:term":[{"taxonomy":"category","embeddable":true,"href":"https:\/\/reddeportiva.net\/principal\/index.php?rest_route=%2Fwp%2Fv2%2Fcategories&post=211583"},{"taxonomy":"post_tag","embeddable":true,"href":"https:\/\/reddeportiva.net\/principal\/index.php?rest_route=%2Fwp%2Fv2%2Ftags&post=211583"}],"curies":[{"name":"wp","href":"https:\/\/api.w.org\/{rel}","templated":true}]}}