{"id":211575,"date":"2021-02-22T19:05:23","date_gmt":"2021-02-23T00:05:23","guid":{"rendered":"http:\/\/reddeportiva.net\/principal\/?p=211575"},"modified":"2021-02-22T19:05:25","modified_gmt":"2021-02-23T00:05:25","slug":"iran-sostuvo-discusiones-fructiferas-con-jefe-del-oiea-de-visita-en-teheran-afp","status":"publish","type":"post","link":"https:\/\/reddeportiva.net\/principal\/?p=211575","title":{"rendered":"Ir\u00e1n sostuvo \u00abdiscusiones fruct\u00edferas\u00bb con jefe del OIEA de visita en Teher\u00e1n | AFP"},"content":{"rendered":"\n<figure class=\"wp-block-embed is-type-video is-provider-youtube wp-block-embed-youtube wp-embed-aspect-16-9 wp-has-aspect-ratio\"><div class=\"wp-block-embed__wrapper\">\n<iframe loading=\"lazy\" title=\"Ir\u00e1n sostuvo &quot;discusiones fruct\u00edferas&quot; con jefe del OIEA de visita en Teher\u00e1n | AFP\" width=\"625\" height=\"352\" src=\"https:\/\/www.youtube.com\/embed\/OFUuVNd9pLQ?feature=oembed\" frameborder=\"0\" allow=\"accelerometer; autoplay; clipboard-write; encrypted-media; gyroscope; picture-in-picture; web-share\" referrerpolicy=\"strict-origin-when-cross-origin\" allowfullscreen><\/iframe>\n<\/div><\/figure>\n","protected":false},"excerpt":{"rendered":"","protected":false},"author":1,"featured_media":0,"comment_status":"closed","ping_status":"closed","sticky":false,"template":"","format":"standard","meta":{"_exactmetrics_skip_tracking":false,"_exactmetrics_sitenote_active":false,"_exactmetrics_sitenote_note":"","_exactmetrics_sitenote_category":0,"ngg_post_thumbnail":0,"footnotes":""},"categories":[1262,1232,1202,1353,779,659,1213],"tags":[],"class_list":["post-211575","post","type-post","status-publish","format-standard","hentry","category-acuerdos","category-energia-produccion-proyecciones","category-geopolitica-proyecciones","category-organizacion-multilateralismo-proyecciones","category-proyecciones","category-proyecciones-seguridad","category-proyecciones-tecnologicas"],"_links":{"self":[{"href":"https:\/\/reddeportiva.net\/principal\/index.php?rest_route=\/wp\/v2\/posts\/211575","targetHints":{"allow":["GET"]}}],"collection":[{"href":"https:\/\/reddeportiva.net\/principal\/index.php?rest_route=\/wp\/v2\/posts"}],"about":[{"href":"https:\/\/reddeportiva.net\/principal\/index.php?rest_route=\/wp\/v2\/types\/post"}],"author":[{"embeddable":true,"href":"https:\/\/reddeportiva.net\/principal\/index.php?rest_route=\/wp\/v2\/users\/1"}],"replies":[{"embeddable":true,"href":"https:\/\/reddeportiva.net\/principal\/index.php?rest_route=%2Fwp%2Fv2%2Fcomments&post=211575"}],"version-history":[{"count":1,"href":"https:\/\/reddeportiva.net\/principal\/index.php?rest_route=\/wp\/v2\/posts\/211575\/revisions"}],"predecessor-version":[{"id":211576,"href":"https:\/\/reddeportiva.net\/principal\/index.php?rest_route=\/wp\/v2\/posts\/211575\/revisions\/211576"}],"wp:attachment":[{"href":"https:\/\/reddeportiva.net\/principal\/index.php?rest_route=%2Fwp%2Fv2%2Fmedia&parent=211575"}],"wp:term":[{"taxonomy":"category","embeddable":true,"href":"https:\/\/reddeportiva.net\/principal\/index.php?rest_route=%2Fwp%2Fv2%2Fcategories&post=211575"},{"taxonomy":"post_tag","embeddable":true,"href":"https:\/\/reddeportiva.net\/principal\/index.php?rest_route=%2Fwp%2Fv2%2Ftags&post=211575"}],"curies":[{"name":"wp","href":"https:\/\/api.w.org\/{rel}","templated":true}]}}