{"id":211469,"date":"2021-02-22T10:10:29","date_gmt":"2021-02-22T15:10:29","guid":{"rendered":"http:\/\/reddeportiva.net\/principal\/?p=211469"},"modified":"2021-02-22T10:11:36","modified_gmt":"2021-02-22T15:11:36","slug":"atencion-por-caso-odebrecht-fiscalia-imputara-a-12-personas","status":"publish","type":"post","link":"https:\/\/reddeportiva.net\/principal\/?p=211469","title":{"rendered":"Atenci\u00f3n: por caso Odebrecht Fiscal\u00eda imputar\u00e1 a 12 personas"},"content":{"rendered":"\n<figure class=\"wp-block-embed is-type-video is-provider-youtube wp-block-embed-youtube wp-embed-aspect-16-9 wp-has-aspect-ratio\"><div class=\"wp-block-embed__wrapper\">\n<iframe loading=\"lazy\" title=\"Atenci\u00f3n: por caso Odebrecht Fiscal\u00eda imputar\u00e1 a 12 personas | Semana\" width=\"625\" height=\"352\" src=\"https:\/\/www.youtube.com\/embed\/LRNgLzhTHvw?feature=oembed\" frameborder=\"0\" allow=\"accelerometer; autoplay; clipboard-write; encrypted-media; gyroscope; picture-in-picture; web-share\" referrerpolicy=\"strict-origin-when-cross-origin\" allowfullscreen><\/iframe>\n<\/div><\/figure>\n\n\n\n<p>M\u00e1s informaci\u00f3n: <a href=\"https:\/\/reddeportiva.net\/principal\/?s=Odebrecht\">https:\/\/reddeportiva.net\/principal\/?s=Odebrecht<\/a><\/p>\n","protected":false},"excerpt":{"rendered":"<p>M\u00e1s informaci\u00f3n: https:\/\/reddeportiva.net\/principal\/?s=Odebrecht<\/p>\n","protected":false},"author":1,"featured_media":0,"comment_status":"closed","ping_status":"closed","sticky":false,"template":"","format":"standard","meta":{"_exactmetrics_skip_tracking":false,"_exactmetrics_sitenote_active":false,"_exactmetrics_sitenote_note":"","_exactmetrics_sitenote_category":0,"ngg_post_thumbnail":0,"footnotes":""},"categories":[1315,1282,1303,1310,1199,1259],"tags":[],"class_list":["post-211469","post","type-post","status-publish","format-standard","hentry","category-abusos-empresariales","category-control-proyecciones","category-crimen-organizado","category-judicial","category-proyecciones-drogas-y-crimen-malas-practicas","category-proyecciones-empresariales"],"_links":{"self":[{"href":"https:\/\/reddeportiva.net\/principal\/index.php?rest_route=\/wp\/v2\/posts\/211469","targetHints":{"allow":["GET"]}}],"collection":[{"href":"https:\/\/reddeportiva.net\/principal\/index.php?rest_route=\/wp\/v2\/posts"}],"about":[{"href":"https:\/\/reddeportiva.net\/principal\/index.php?rest_route=\/wp\/v2\/types\/post"}],"author":[{"embeddable":true,"href":"https:\/\/reddeportiva.net\/principal\/index.php?rest_route=\/wp\/v2\/users\/1"}],"replies":[{"embeddable":true,"href":"https:\/\/reddeportiva.net\/principal\/index.php?rest_route=%2Fwp%2Fv2%2Fcomments&post=211469"}],"version-history":[{"count":2,"href":"https:\/\/reddeportiva.net\/principal\/index.php?rest_route=\/wp\/v2\/posts\/211469\/revisions"}],"predecessor-version":[{"id":211471,"href":"https:\/\/reddeportiva.net\/principal\/index.php?rest_route=\/wp\/v2\/posts\/211469\/revisions\/211471"}],"wp:attachment":[{"href":"https:\/\/reddeportiva.net\/principal\/index.php?rest_route=%2Fwp%2Fv2%2Fmedia&parent=211469"}],"wp:term":[{"taxonomy":"category","embeddable":true,"href":"https:\/\/reddeportiva.net\/principal\/index.php?rest_route=%2Fwp%2Fv2%2Fcategories&post=211469"},{"taxonomy":"post_tag","embeddable":true,"href":"https:\/\/reddeportiva.net\/principal\/index.php?rest_route=%2Fwp%2Fv2%2Ftags&post=211469"}],"curies":[{"name":"wp","href":"https:\/\/api.w.org\/{rel}","templated":true}]}}