{"id":211298,"date":"2021-02-20T19:42:34","date_gmt":"2021-02-21T00:42:34","guid":{"rendered":"http:\/\/reddeportiva.net\/principal\/?p=211298"},"modified":"2021-02-20T19:42:36","modified_gmt":"2021-02-21T00:42:36","slug":"reportaje-especial-los-plasticos-que-estropean-las-playas-del-oceano-indico-oceanrescue","status":"publish","type":"post","link":"https:\/\/reddeportiva.net\/principal\/?p=211298","title":{"rendered":"Reportaje especial: los pl\u00e1sticos que estropean las playas del Oc\u00e9ano \u00cdndico #OceanRescue"},"content":{"rendered":"\n<figure class=\"wp-block-embed is-type-video is-provider-youtube wp-block-embed-youtube wp-embed-aspect-16-9 wp-has-aspect-ratio\"><div class=\"wp-block-embed__wrapper\">\n<iframe loading=\"lazy\" title=\"Reportaje especial: los pl\u00e1sticos que estropean las playas del Oc\u00e9ano \u00cdndico #OceanRescue\" width=\"625\" height=\"352\" src=\"https:\/\/www.youtube.com\/embed\/YRXkc2WYYXg?feature=oembed\" frameborder=\"0\" allow=\"accelerometer; autoplay; clipboard-write; encrypted-media; gyroscope; picture-in-picture; web-share\" referrerpolicy=\"strict-origin-when-cross-origin\" allowfullscreen><\/iframe>\n<\/div><\/figure>\n","protected":false},"excerpt":{"rendered":"","protected":false},"author":1,"featured_media":0,"comment_status":"closed","ping_status":"closed","sticky":false,"template":"","format":"standard","meta":{"_exactmetrics_skip_tracking":false,"_exactmetrics_sitenote_active":false,"_exactmetrics_sitenote_note":"","_exactmetrics_sitenote_category":0,"ngg_post_thumbnail":0,"footnotes":""},"categories":[1254,1342,1264,1218,286,1257],"tags":[],"class_list":["post-211298","post","type-post","status-publish","format-standard","hentry","category-cambio-climatico-ambiente","category-contaminacion-ambiente","category-mundo-natural","category-proteccion-naturaleza-ambiente","category-proyecciones-ambiente","category-reciclaje-ambiente"],"_links":{"self":[{"href":"https:\/\/reddeportiva.net\/principal\/index.php?rest_route=\/wp\/v2\/posts\/211298","targetHints":{"allow":["GET"]}}],"collection":[{"href":"https:\/\/reddeportiva.net\/principal\/index.php?rest_route=\/wp\/v2\/posts"}],"about":[{"href":"https:\/\/reddeportiva.net\/principal\/index.php?rest_route=\/wp\/v2\/types\/post"}],"author":[{"embeddable":true,"href":"https:\/\/reddeportiva.net\/principal\/index.php?rest_route=\/wp\/v2\/users\/1"}],"replies":[{"embeddable":true,"href":"https:\/\/reddeportiva.net\/principal\/index.php?rest_route=%2Fwp%2Fv2%2Fcomments&post=211298"}],"version-history":[{"count":1,"href":"https:\/\/reddeportiva.net\/principal\/index.php?rest_route=\/wp\/v2\/posts\/211298\/revisions"}],"predecessor-version":[{"id":211299,"href":"https:\/\/reddeportiva.net\/principal\/index.php?rest_route=\/wp\/v2\/posts\/211298\/revisions\/211299"}],"wp:attachment":[{"href":"https:\/\/reddeportiva.net\/principal\/index.php?rest_route=%2Fwp%2Fv2%2Fmedia&parent=211298"}],"wp:term":[{"taxonomy":"category","embeddable":true,"href":"https:\/\/reddeportiva.net\/principal\/index.php?rest_route=%2Fwp%2Fv2%2Fcategories&post=211298"},{"taxonomy":"post_tag","embeddable":true,"href":"https:\/\/reddeportiva.net\/principal\/index.php?rest_route=%2Fwp%2Fv2%2Ftags&post=211298"}],"curies":[{"name":"wp","href":"https:\/\/api.w.org\/{rel}","templated":true}]}}