{"id":211290,"date":"2021-02-20T19:14:36","date_gmt":"2021-02-21T00:14:36","guid":{"rendered":"http:\/\/reddeportiva.net\/principal\/?p=211290"},"modified":"2021-02-20T19:14:38","modified_gmt":"2021-02-21T00:14:38","slug":"rechazada-la-apelacion-de-navalny-el-opositor-tendra-que-cumplir-los-dos-anos-y-medio-que-le-qu","status":"publish","type":"post","link":"https:\/\/reddeportiva.net\/principal\/?p=211290","title":{"rendered":"Rechazada la apelaci\u00f3n de Navalny, el opositor tendr\u00e1 que cumplir los dos a\u00f1os y medio que le qu\u2026"},"content":{"rendered":"\n<figure class=\"wp-block-embed is-type-video is-provider-youtube wp-block-embed-youtube wp-embed-aspect-16-9 wp-has-aspect-ratio\"><div class=\"wp-block-embed__wrapper\">\n<iframe loading=\"lazy\" title=\"Rechazada la apelaci\u00f3n de Navalny, el opositor tendr\u00e1 que cumplir los dos a\u00f1os y medio que le quedan\" width=\"625\" height=\"352\" src=\"https:\/\/www.youtube.com\/embed\/iAwgUxgw9Gw?feature=oembed\" frameborder=\"0\" allow=\"accelerometer; autoplay; clipboard-write; encrypted-media; gyroscope; picture-in-picture; web-share\" referrerpolicy=\"strict-origin-when-cross-origin\" allowfullscreen><\/iframe>\n<\/div><\/figure>\n","protected":false},"excerpt":{"rendered":"","protected":false},"author":1,"featured_media":0,"comment_status":"closed","ping_status":"closed","sticky":false,"template":"","format":"standard","meta":{"_exactmetrics_skip_tracking":false,"_exactmetrics_sitenote_active":false,"_exactmetrics_sitenote_note":"","_exactmetrics_sitenote_category":0,"ngg_post_thumbnail":0,"footnotes":""},"categories":[1325,1309,1202,1353,1356],"tags":[],"class_list":["post-211290","post","type-post","status-publish","format-standard","hentry","category-excesos-del-poder","category-faltas-y-delitos","category-geopolitica-proyecciones","category-organizacion-multilateralismo-proyecciones","category-rusia-proyecciones-multilateralismo"],"_links":{"self":[{"href":"https:\/\/reddeportiva.net\/principal\/index.php?rest_route=\/wp\/v2\/posts\/211290","targetHints":{"allow":["GET"]}}],"collection":[{"href":"https:\/\/reddeportiva.net\/principal\/index.php?rest_route=\/wp\/v2\/posts"}],"about":[{"href":"https:\/\/reddeportiva.net\/principal\/index.php?rest_route=\/wp\/v2\/types\/post"}],"author":[{"embeddable":true,"href":"https:\/\/reddeportiva.net\/principal\/index.php?rest_route=\/wp\/v2\/users\/1"}],"replies":[{"embeddable":true,"href":"https:\/\/reddeportiva.net\/principal\/index.php?rest_route=%2Fwp%2Fv2%2Fcomments&post=211290"}],"version-history":[{"count":1,"href":"https:\/\/reddeportiva.net\/principal\/index.php?rest_route=\/wp\/v2\/posts\/211290\/revisions"}],"predecessor-version":[{"id":211291,"href":"https:\/\/reddeportiva.net\/principal\/index.php?rest_route=\/wp\/v2\/posts\/211290\/revisions\/211291"}],"wp:attachment":[{"href":"https:\/\/reddeportiva.net\/principal\/index.php?rest_route=%2Fwp%2Fv2%2Fmedia&parent=211290"}],"wp:term":[{"taxonomy":"category","embeddable":true,"href":"https:\/\/reddeportiva.net\/principal\/index.php?rest_route=%2Fwp%2Fv2%2Fcategories&post=211290"},{"taxonomy":"post_tag","embeddable":true,"href":"https:\/\/reddeportiva.net\/principal\/index.php?rest_route=%2Fwp%2Fv2%2Ftags&post=211290"}],"curies":[{"name":"wp","href":"https:\/\/api.w.org\/{rel}","templated":true}]}}