{"id":211181,"date":"2021-02-20T11:20:27","date_gmt":"2021-02-20T16:20:27","guid":{"rendered":"http:\/\/reddeportiva.net\/principal\/?p=211181"},"modified":"2021-02-20T11:20:29","modified_gmt":"2021-02-20T16:20:29","slug":"quien-es-pablo-hasel-y-por-que-esta-en-la-carcel","status":"publish","type":"post","link":"https:\/\/reddeportiva.net\/principal\/?p=211181","title":{"rendered":"\u00bfQui\u00e9n es Pablo Has\u00e9l y por qu\u00e9 est\u00e1 en la c\u00e1rcel?"},"content":{"rendered":"\n<figure class=\"wp-block-embed is-type-video is-provider-youtube wp-block-embed-youtube wp-embed-aspect-16-9 wp-has-aspect-ratio\"><div class=\"wp-block-embed__wrapper\">\n<iframe loading=\"lazy\" title=\"\u00bfQui\u00e9n es Pablo Has\u00e9l y por qu\u00e9 est\u00e1 en la c\u00e1rcel?\" width=\"625\" height=\"352\" src=\"https:\/\/www.youtube.com\/embed\/1ia9juBs-vk?feature=oembed\" frameborder=\"0\" allow=\"accelerometer; autoplay; clipboard-write; encrypted-media; gyroscope; picture-in-picture; web-share\" referrerpolicy=\"strict-origin-when-cross-origin\" allowfullscreen><\/iframe>\n<\/div><\/figure>\n","protected":false},"excerpt":{"rendered":"","protected":false},"author":1,"featured_media":0,"comment_status":"closed","ping_status":"closed","sticky":false,"template":"","format":"standard","meta":{"_exactmetrics_skip_tracking":false,"_exactmetrics_sitenote_active":false,"_exactmetrics_sitenote_note":"","_exactmetrics_sitenote_category":0,"ngg_post_thumbnail":0,"footnotes":""},"categories":[1282,1321,1340,1223,1323,1311,1301],"tags":[],"class_list":["post-211181","post","type-post","status-publish","format-standard","hentry","category-control-proyecciones","category-delitos-mediaticos","category-legalidad","category-mundo-politico","category-odio-mediatico","category-orden-y-disciplina","category-terrorismo"],"_links":{"self":[{"href":"https:\/\/reddeportiva.net\/principal\/index.php?rest_route=\/wp\/v2\/posts\/211181","targetHints":{"allow":["GET"]}}],"collection":[{"href":"https:\/\/reddeportiva.net\/principal\/index.php?rest_route=\/wp\/v2\/posts"}],"about":[{"href":"https:\/\/reddeportiva.net\/principal\/index.php?rest_route=\/wp\/v2\/types\/post"}],"author":[{"embeddable":true,"href":"https:\/\/reddeportiva.net\/principal\/index.php?rest_route=\/wp\/v2\/users\/1"}],"replies":[{"embeddable":true,"href":"https:\/\/reddeportiva.net\/principal\/index.php?rest_route=%2Fwp%2Fv2%2Fcomments&post=211181"}],"version-history":[{"count":1,"href":"https:\/\/reddeportiva.net\/principal\/index.php?rest_route=\/wp\/v2\/posts\/211181\/revisions"}],"predecessor-version":[{"id":211182,"href":"https:\/\/reddeportiva.net\/principal\/index.php?rest_route=\/wp\/v2\/posts\/211181\/revisions\/211182"}],"wp:attachment":[{"href":"https:\/\/reddeportiva.net\/principal\/index.php?rest_route=%2Fwp%2Fv2%2Fmedia&parent=211181"}],"wp:term":[{"taxonomy":"category","embeddable":true,"href":"https:\/\/reddeportiva.net\/principal\/index.php?rest_route=%2Fwp%2Fv2%2Fcategories&post=211181"},{"taxonomy":"post_tag","embeddable":true,"href":"https:\/\/reddeportiva.net\/principal\/index.php?rest_route=%2Fwp%2Fv2%2Ftags&post=211181"}],"curies":[{"name":"wp","href":"https:\/\/api.w.org\/{rel}","templated":true}]}}