{"id":210896,"date":"2021-02-19T14:35:47","date_gmt":"2021-02-19T19:35:47","guid":{"rendered":"http:\/\/reddeportiva.net\/principal\/?p=210896"},"modified":"2021-02-19T14:35:49","modified_gmt":"2021-02-19T19:35:49","slug":"por-un-referendum-de-autodeterminacion-en-el-sahara-27-senadores-piden-a-biden-una-nueva-po","status":"publish","type":"post","link":"https:\/\/reddeportiva.net\/principal\/?p=210896","title":{"rendered":"Por un refer\u00e9ndum de autodeterminaci\u00f3n en el S\u00e1hara: 27 senadores piden a Biden una nueva po\u2026"},"content":{"rendered":"\n<figure class=\"wp-block-embed is-type-video is-provider-youtube wp-block-embed-youtube wp-embed-aspect-16-9 wp-has-aspect-ratio\"><div class=\"wp-block-embed__wrapper\">\n<iframe loading=\"lazy\" title=\"Por un refer\u00e9ndum de autodeterminaci\u00f3n en el S\u00e1hara: 27 senadores piden a Biden una nueva pol\u00edtica\" width=\"625\" height=\"352\" src=\"https:\/\/www.youtube.com\/embed\/t956bRtHCvY?feature=oembed\" frameborder=\"0\" allow=\"accelerometer; autoplay; clipboard-write; encrypted-media; gyroscope; picture-in-picture; web-share\" referrerpolicy=\"strict-origin-when-cross-origin\" allowfullscreen><\/iframe>\n<\/div><\/figure>\n","protected":false},"excerpt":{"rendered":"","protected":false},"author":1,"featured_media":0,"comment_status":"closed","ping_status":"closed","sticky":false,"template":"","format":"standard","meta":{"_exactmetrics_skip_tracking":false,"_exactmetrics_sitenote_active":false,"_exactmetrics_sitenote_note":"","_exactmetrics_sitenote_category":0,"ngg_post_thumbnail":0,"footnotes":""},"categories":[1202,1223,1349,779,1300],"tags":[],"class_list":["post-210896","post","type-post","status-publish","format-standard","hentry","category-geopolitica-proyecciones","category-mundo-politico","category-primacia-de-la-realidad","category-proyecciones","category-reforma-del-estado"],"_links":{"self":[{"href":"https:\/\/reddeportiva.net\/principal\/index.php?rest_route=\/wp\/v2\/posts\/210896","targetHints":{"allow":["GET"]}}],"collection":[{"href":"https:\/\/reddeportiva.net\/principal\/index.php?rest_route=\/wp\/v2\/posts"}],"about":[{"href":"https:\/\/reddeportiva.net\/principal\/index.php?rest_route=\/wp\/v2\/types\/post"}],"author":[{"embeddable":true,"href":"https:\/\/reddeportiva.net\/principal\/index.php?rest_route=\/wp\/v2\/users\/1"}],"replies":[{"embeddable":true,"href":"https:\/\/reddeportiva.net\/principal\/index.php?rest_route=%2Fwp%2Fv2%2Fcomments&post=210896"}],"version-history":[{"count":1,"href":"https:\/\/reddeportiva.net\/principal\/index.php?rest_route=\/wp\/v2\/posts\/210896\/revisions"}],"predecessor-version":[{"id":210897,"href":"https:\/\/reddeportiva.net\/principal\/index.php?rest_route=\/wp\/v2\/posts\/210896\/revisions\/210897"}],"wp:attachment":[{"href":"https:\/\/reddeportiva.net\/principal\/index.php?rest_route=%2Fwp%2Fv2%2Fmedia&parent=210896"}],"wp:term":[{"taxonomy":"category","embeddable":true,"href":"https:\/\/reddeportiva.net\/principal\/index.php?rest_route=%2Fwp%2Fv2%2Fcategories&post=210896"},{"taxonomy":"post_tag","embeddable":true,"href":"https:\/\/reddeportiva.net\/principal\/index.php?rest_route=%2Fwp%2Fv2%2Ftags&post=210896"}],"curies":[{"name":"wp","href":"https:\/\/api.w.org\/{rel}","templated":true}]}}