{"id":210481,"date":"2021-02-17T20:40:18","date_gmt":"2021-02-18T01:40:18","guid":{"rendered":"http:\/\/reddeportiva.net\/principal\/?p=210481"},"modified":"2021-02-17T20:40:20","modified_gmt":"2021-02-18T01:40:20","slug":"alerta-por-regreso-del-mortal-virus-ebola-declaran-brote-epidemico-en-dos-paises-de-africa","status":"publish","type":"post","link":"https:\/\/reddeportiva.net\/principal\/?p=210481","title":{"rendered":"Alerta por regreso del mortal virus \u00e9bola: Declaran brote epid\u00e9mico en dos pa\u00edses de \u00c1frica"},"content":{"rendered":"\n<figure class=\"wp-block-embed is-type-video is-provider-youtube wp-block-embed-youtube wp-embed-aspect-16-9 wp-has-aspect-ratio\"><div class=\"wp-block-embed__wrapper\">\n<iframe loading=\"lazy\" title=\"Alerta por regreso del mortal virus \u00e9bola: Declaran brote epid\u00e9mico en dos pa\u00edses de \u00c1frica\" width=\"625\" height=\"352\" src=\"https:\/\/www.youtube.com\/embed\/ecwL0M0ZT5I?feature=oembed\" frameborder=\"0\" allow=\"accelerometer; autoplay; clipboard-write; encrypted-media; gyroscope; picture-in-picture; web-share\" referrerpolicy=\"strict-origin-when-cross-origin\" allowfullscreen><\/iframe>\n<\/div><\/figure>\n","protected":false},"excerpt":{"rendered":"","protected":false},"author":1,"featured_media":0,"comment_status":"closed","ping_status":"closed","sticky":false,"template":"","format":"standard","meta":{"_exactmetrics_skip_tracking":false,"_exactmetrics_sitenote_active":false,"_exactmetrics_sitenote_note":"","_exactmetrics_sitenote_category":0,"ngg_post_thumbnail":0,"footnotes":""},"categories":[1282,1281,1284,1340,584,94,1227,1302,1228],"tags":[],"class_list":["post-210481","post","type-post","status-publish","format-standard","hentry","category-control-proyecciones","category-cronologias-proyecciones","category-higiene-salud","category-legalidad","category-proyecciones-salud","category-salud-mental","category-testeo-salud","category-tratamiento-higiene-salud","category-vacunas-salud"],"_links":{"self":[{"href":"https:\/\/reddeportiva.net\/principal\/index.php?rest_route=\/wp\/v2\/posts\/210481","targetHints":{"allow":["GET"]}}],"collection":[{"href":"https:\/\/reddeportiva.net\/principal\/index.php?rest_route=\/wp\/v2\/posts"}],"about":[{"href":"https:\/\/reddeportiva.net\/principal\/index.php?rest_route=\/wp\/v2\/types\/post"}],"author":[{"embeddable":true,"href":"https:\/\/reddeportiva.net\/principal\/index.php?rest_route=\/wp\/v2\/users\/1"}],"replies":[{"embeddable":true,"href":"https:\/\/reddeportiva.net\/principal\/index.php?rest_route=%2Fwp%2Fv2%2Fcomments&post=210481"}],"version-history":[{"count":1,"href":"https:\/\/reddeportiva.net\/principal\/index.php?rest_route=\/wp\/v2\/posts\/210481\/revisions"}],"predecessor-version":[{"id":210482,"href":"https:\/\/reddeportiva.net\/principal\/index.php?rest_route=\/wp\/v2\/posts\/210481\/revisions\/210482"}],"wp:attachment":[{"href":"https:\/\/reddeportiva.net\/principal\/index.php?rest_route=%2Fwp%2Fv2%2Fmedia&parent=210481"}],"wp:term":[{"taxonomy":"category","embeddable":true,"href":"https:\/\/reddeportiva.net\/principal\/index.php?rest_route=%2Fwp%2Fv2%2Fcategories&post=210481"},{"taxonomy":"post_tag","embeddable":true,"href":"https:\/\/reddeportiva.net\/principal\/index.php?rest_route=%2Fwp%2Fv2%2Ftags&post=210481"}],"curies":[{"name":"wp","href":"https:\/\/api.w.org\/{rel}","templated":true}]}}