{"id":210437,"date":"2021-02-17T11:33:06","date_gmt":"2021-02-17T16:33:06","guid":{"rendered":"http:\/\/reddeportiva.net\/principal\/?p=210437"},"modified":"2021-02-17T11:33:08","modified_gmt":"2021-02-17T16:33:08","slug":"choques-entre-policia-y-manifestantes-en-varias-protestas-de-apoyo-al-rapero-espanol-pablo-hasel","status":"publish","type":"post","link":"https:\/\/reddeportiva.net\/principal\/?p=210437","title":{"rendered":"Choques entre Polic\u00eda y manifestantes en varias protestas de apoyo al rapero espa\u00f1ol Pablo Has\u00e9l"},"content":{"rendered":"\n<figure class=\"wp-block-embed is-type-video is-provider-youtube wp-block-embed-youtube wp-embed-aspect-16-9 wp-has-aspect-ratio\"><div class=\"wp-block-embed__wrapper\">\n<iframe loading=\"lazy\" title=\"Choques entre Polic\u00eda y manifestantes en varias protestas de apoyo al rapero espa\u00f1ol Pablo Has\u00e9l\" width=\"625\" height=\"352\" src=\"https:\/\/www.youtube.com\/embed\/YCF0Sv0pLnw?feature=oembed\" frameborder=\"0\" allow=\"accelerometer; autoplay; clipboard-write; encrypted-media; gyroscope; picture-in-picture; web-share\" referrerpolicy=\"strict-origin-when-cross-origin\" allowfullscreen><\/iframe>\n<\/div><\/figure>\n","protected":false},"excerpt":{"rendered":"","protected":false},"author":1,"featured_media":0,"comment_status":"closed","ping_status":"closed","sticky":false,"template":"","format":"standard","meta":{"_exactmetrics_skip_tracking":false,"_exactmetrics_sitenote_active":false,"_exactmetrics_sitenote_note":"","_exactmetrics_sitenote_category":0,"ngg_post_thumbnail":0,"footnotes":""},"categories":[1278,1321,1223,1221,1199,1208,1346,1301,1328],"tags":[],"class_list":["post-210437","post","type-post","status-publish","format-standard","hentry","category-accion-politica-proyecciones","category-delitos-mediaticos","category-mundo-politico","category-proyecciones-comunicaciones-y-big-data","category-proyecciones-drogas-y-crimen-malas-practicas","category-proyecciones-prensa-derechos-bienestar","category-represion","category-terrorismo","category-tutelaje"],"_links":{"self":[{"href":"https:\/\/reddeportiva.net\/principal\/index.php?rest_route=\/wp\/v2\/posts\/210437","targetHints":{"allow":["GET"]}}],"collection":[{"href":"https:\/\/reddeportiva.net\/principal\/index.php?rest_route=\/wp\/v2\/posts"}],"about":[{"href":"https:\/\/reddeportiva.net\/principal\/index.php?rest_route=\/wp\/v2\/types\/post"}],"author":[{"embeddable":true,"href":"https:\/\/reddeportiva.net\/principal\/index.php?rest_route=\/wp\/v2\/users\/1"}],"replies":[{"embeddable":true,"href":"https:\/\/reddeportiva.net\/principal\/index.php?rest_route=%2Fwp%2Fv2%2Fcomments&post=210437"}],"version-history":[{"count":1,"href":"https:\/\/reddeportiva.net\/principal\/index.php?rest_route=\/wp\/v2\/posts\/210437\/revisions"}],"predecessor-version":[{"id":210438,"href":"https:\/\/reddeportiva.net\/principal\/index.php?rest_route=\/wp\/v2\/posts\/210437\/revisions\/210438"}],"wp:attachment":[{"href":"https:\/\/reddeportiva.net\/principal\/index.php?rest_route=%2Fwp%2Fv2%2Fmedia&parent=210437"}],"wp:term":[{"taxonomy":"category","embeddable":true,"href":"https:\/\/reddeportiva.net\/principal\/index.php?rest_route=%2Fwp%2Fv2%2Fcategories&post=210437"},{"taxonomy":"post_tag","embeddable":true,"href":"https:\/\/reddeportiva.net\/principal\/index.php?rest_route=%2Fwp%2Fv2%2Ftags&post=210437"}],"curies":[{"name":"wp","href":"https:\/\/api.w.org\/{rel}","templated":true}]}}