{"id":210227,"date":"2021-02-16T14:35:41","date_gmt":"2021-02-16T19:35:41","guid":{"rendered":"http:\/\/reddeportiva.net\/principal\/?p=210227"},"modified":"2021-02-16T14:35:43","modified_gmt":"2021-02-16T19:35:43","slug":"detienen-al-rapero-espanol-pablo-hasel-para-enviarlo-a-prision-por-injurias-a-la-corona","status":"publish","type":"post","link":"https:\/\/reddeportiva.net\/principal\/?p=210227","title":{"rendered":"Detienen al rapero espa\u00f1ol Pablo Has\u00e9l para enviarlo a prisi\u00f3n por injurias a la Corona"},"content":{"rendered":"\n<figure class=\"wp-block-embed is-type-video is-provider-youtube wp-block-embed-youtube wp-embed-aspect-4-3 wp-has-aspect-ratio\"><div class=\"wp-block-embed__wrapper\">\nhttps:\/\/www.youtube.com\/watch?v=3WyAN28vgQ4\n<\/div><\/figure>\n","protected":false},"excerpt":{"rendered":"","protected":false},"author":1,"featured_media":0,"comment_status":"closed","ping_status":"closed","sticky":false,"template":"","format":"standard","meta":{"_exactmetrics_skip_tracking":false,"_exactmetrics_sitenote_active":false,"_exactmetrics_sitenote_note":"","_exactmetrics_sitenote_category":0,"ngg_post_thumbnail":0,"footnotes":""},"categories":[1321,1223,1279,1199,1346,1301,1328],"tags":[],"class_list":["post-210227","post","type-post","status-publish","format-standard","hentry","category-delitos-mediaticos","category-mundo-politico","category-personales-proyecciones","category-proyecciones-drogas-y-crimen-malas-practicas","category-represion","category-terrorismo","category-tutelaje"],"_links":{"self":[{"href":"https:\/\/reddeportiva.net\/principal\/index.php?rest_route=\/wp\/v2\/posts\/210227","targetHints":{"allow":["GET"]}}],"collection":[{"href":"https:\/\/reddeportiva.net\/principal\/index.php?rest_route=\/wp\/v2\/posts"}],"about":[{"href":"https:\/\/reddeportiva.net\/principal\/index.php?rest_route=\/wp\/v2\/types\/post"}],"author":[{"embeddable":true,"href":"https:\/\/reddeportiva.net\/principal\/index.php?rest_route=\/wp\/v2\/users\/1"}],"replies":[{"embeddable":true,"href":"https:\/\/reddeportiva.net\/principal\/index.php?rest_route=%2Fwp%2Fv2%2Fcomments&post=210227"}],"version-history":[{"count":1,"href":"https:\/\/reddeportiva.net\/principal\/index.php?rest_route=\/wp\/v2\/posts\/210227\/revisions"}],"predecessor-version":[{"id":210228,"href":"https:\/\/reddeportiva.net\/principal\/index.php?rest_route=\/wp\/v2\/posts\/210227\/revisions\/210228"}],"wp:attachment":[{"href":"https:\/\/reddeportiva.net\/principal\/index.php?rest_route=%2Fwp%2Fv2%2Fmedia&parent=210227"}],"wp:term":[{"taxonomy":"category","embeddable":true,"href":"https:\/\/reddeportiva.net\/principal\/index.php?rest_route=%2Fwp%2Fv2%2Fcategories&post=210227"},{"taxonomy":"post_tag","embeddable":true,"href":"https:\/\/reddeportiva.net\/principal\/index.php?rest_route=%2Fwp%2Fv2%2Ftags&post=210227"}],"curies":[{"name":"wp","href":"https:\/\/api.w.org\/{rel}","templated":true}]}}