{"id":209463,"date":"2021-02-13T12:20:21","date_gmt":"2021-02-13T17:20:21","guid":{"rendered":"http:\/\/reddeportiva.net\/principal\/?p=209463"},"modified":"2021-02-13T12:20:23","modified_gmt":"2021-02-13T17:20:23","slug":"solidaridad-unidad-y-transformacion-verde-el-plan-de-recuperacion-europeo-ya-esta-en-marcha","status":"publish","type":"post","link":"https:\/\/reddeportiva.net\/principal\/?p=209463","title":{"rendered":"Solidaridad, unidad y transformaci\u00f3n verde: el plan de recuperaci\u00f3n europeo ya est\u00e1 en marcha"},"content":{"rendered":"\n<figure class=\"wp-block-embed is-type-video is-provider-youtube wp-block-embed-youtube wp-embed-aspect-16-9 wp-has-aspect-ratio\"><div class=\"wp-block-embed__wrapper\">\n<iframe loading=\"lazy\" title=\"Solidaridad, unidad y transformaci\u00f3n verde: el plan de recuperaci\u00f3n europeo ya est\u00e1 en marcha\" width=\"625\" height=\"352\" src=\"https:\/\/www.youtube.com\/embed\/6lmKuzDJYjQ?feature=oembed\" frameborder=\"0\" allow=\"accelerometer; autoplay; clipboard-write; encrypted-media; gyroscope; picture-in-picture; web-share\" referrerpolicy=\"strict-origin-when-cross-origin\" allowfullscreen><\/iframe>\n<\/div><\/figure>\n","protected":false},"excerpt":{"rendered":"","protected":false},"author":1,"featured_media":0,"comment_status":"closed","ping_status":"closed","sticky":false,"template":"","format":"standard","meta":{"_exactmetrics_skip_tracking":false,"_exactmetrics_sitenote_active":false,"_exactmetrics_sitenote_note":"","_exactmetrics_sitenote_category":0,"ngg_post_thumbnail":0,"footnotes":""},"categories":[1254,1275,1273,1256,1202,76,1223,1280,1218,779,659,603,1213],"tags":[],"class_list":["post-209463","post","type-post","status-publish","format-standard","hentry","category-cambio-climatico-ambiente","category-civismo-proyecciones","category-estimulos-finanzas","category-fondos-finanzas","category-geopolitica-proyecciones","category-mundo-innovacion","category-mundo-politico","category-presupuestos-finanzas","category-proteccion-naturaleza-ambiente","category-proyecciones","category-proyecciones-seguridad","category-proyecciones-sostenible","category-proyecciones-tecnologicas"],"_links":{"self":[{"href":"https:\/\/reddeportiva.net\/principal\/index.php?rest_route=\/wp\/v2\/posts\/209463","targetHints":{"allow":["GET"]}}],"collection":[{"href":"https:\/\/reddeportiva.net\/principal\/index.php?rest_route=\/wp\/v2\/posts"}],"about":[{"href":"https:\/\/reddeportiva.net\/principal\/index.php?rest_route=\/wp\/v2\/types\/post"}],"author":[{"embeddable":true,"href":"https:\/\/reddeportiva.net\/principal\/index.php?rest_route=\/wp\/v2\/users\/1"}],"replies":[{"embeddable":true,"href":"https:\/\/reddeportiva.net\/principal\/index.php?rest_route=%2Fwp%2Fv2%2Fcomments&post=209463"}],"version-history":[{"count":1,"href":"https:\/\/reddeportiva.net\/principal\/index.php?rest_route=\/wp\/v2\/posts\/209463\/revisions"}],"predecessor-version":[{"id":209464,"href":"https:\/\/reddeportiva.net\/principal\/index.php?rest_route=\/wp\/v2\/posts\/209463\/revisions\/209464"}],"wp:attachment":[{"href":"https:\/\/reddeportiva.net\/principal\/index.php?rest_route=%2Fwp%2Fv2%2Fmedia&parent=209463"}],"wp:term":[{"taxonomy":"category","embeddable":true,"href":"https:\/\/reddeportiva.net\/principal\/index.php?rest_route=%2Fwp%2Fv2%2Fcategories&post=209463"},{"taxonomy":"post_tag","embeddable":true,"href":"https:\/\/reddeportiva.net\/principal\/index.php?rest_route=%2Fwp%2Fv2%2Ftags&post=209463"}],"curies":[{"name":"wp","href":"https:\/\/api.w.org\/{rel}","templated":true}]}}