{"id":20932,"date":"2017-09-07T19:28:18","date_gmt":"2017-09-08T00:28:18","guid":{"rendered":"http:\/\/reddeportiva.net\/principal\/?p=20932"},"modified":"2019-01-06T15:02:59","modified_gmt":"2019-01-06T20:02:59","slug":"capitulo-8-conoce-a-la-exrefugiada-que-sera-la-proxima-estrella-de-la-lucha-noruega","status":"publish","type":"post","link":"https:\/\/reddeportiva.net\/principal\/?p=20932","title":{"rendered":"CAP\u00cdTULO 8 CONOCE A LA EXREFUGIADA QUE SER\u00c1 LA PR\u00d3XIMA ESTRELLA DE LA LUCHA NORUEGA"},"content":{"rendered":"<p><a href=\"https:\/\/www.olympicchannel.com\/es\/playback\/flag-and-family\/episodes\/conoce-a-la-exrefugiada-que-sera-la-proxima-estrella-de-la-lucha-noruega\/\">https:\/\/www.olympicchannel.com\/es\/playback\/flag-and-family\/episodes\/conoce-a-la-exrefugiada-que-sera-la-proxima-estrella-de-la-lucha-noruega\/<\/a><\/p>\n","protected":false},"excerpt":{"rendered":"<p>https:\/\/www.olympicchannel.com\/es\/playback\/flag-and-family\/episodes\/conoce-a-la-exrefugiada-que-sera-la-proxima-estrella-de-la-lucha-noruega\/<\/p>\n","protected":false},"author":1,"featured_media":0,"comment_status":"open","ping_status":"closed","sticky":false,"template":"","format":"standard","meta":{"_exactmetrics_skip_tracking":false,"_exactmetrics_sitenote_active":false,"_exactmetrics_sitenote_note":"","_exactmetrics_sitenote_category":0,"ngg_post_thumbnail":0,"footnotes":""},"categories":[100,273],"tags":[],"class_list":["post-20932","post","type-post","status-publish","format-standard","hentry","category-lucha","category-proyecciones-refugiados"],"_links":{"self":[{"href":"https:\/\/reddeportiva.net\/principal\/index.php?rest_route=\/wp\/v2\/posts\/20932","targetHints":{"allow":["GET"]}}],"collection":[{"href":"https:\/\/reddeportiva.net\/principal\/index.php?rest_route=\/wp\/v2\/posts"}],"about":[{"href":"https:\/\/reddeportiva.net\/principal\/index.php?rest_route=\/wp\/v2\/types\/post"}],"author":[{"embeddable":true,"href":"https:\/\/reddeportiva.net\/principal\/index.php?rest_route=\/wp\/v2\/users\/1"}],"replies":[{"embeddable":true,"href":"https:\/\/reddeportiva.net\/principal\/index.php?rest_route=%2Fwp%2Fv2%2Fcomments&post=20932"}],"version-history":[{"count":1,"href":"https:\/\/reddeportiva.net\/principal\/index.php?rest_route=\/wp\/v2\/posts\/20932\/revisions"}],"predecessor-version":[{"id":20933,"href":"https:\/\/reddeportiva.net\/principal\/index.php?rest_route=\/wp\/v2\/posts\/20932\/revisions\/20933"}],"wp:attachment":[{"href":"https:\/\/reddeportiva.net\/principal\/index.php?rest_route=%2Fwp%2Fv2%2Fmedia&parent=20932"}],"wp:term":[{"taxonomy":"category","embeddable":true,"href":"https:\/\/reddeportiva.net\/principal\/index.php?rest_route=%2Fwp%2Fv2%2Fcategories&post=20932"},{"taxonomy":"post_tag","embeddable":true,"href":"https:\/\/reddeportiva.net\/principal\/index.php?rest_route=%2Fwp%2Fv2%2Ftags&post=20932"}],"curies":[{"name":"wp","href":"https:\/\/api.w.org\/{rel}","templated":true}]}}