{"id":208256,"date":"2021-02-09T11:58:45","date_gmt":"2021-02-09T16:58:45","guid":{"rendered":"http:\/\/reddeportiva.net\/principal\/?p=208256"},"modified":"2021-02-09T11:58:47","modified_gmt":"2021-02-09T16:58:47","slug":"la-oposicion-haitiana-nombra-al-juez-joseph-mecene-jean-louis-presidente-de-transicion","status":"publish","type":"post","link":"https:\/\/reddeportiva.net\/principal\/?p=208256","title":{"rendered":"La oposici\u00f3n haitiana nombra al juez Joseph M\u00e9c\u00e8ne Jean-Louis \u00abpresidente de transici\u00f3n\u00bb"},"content":{"rendered":"\n<figure class=\"wp-block-embed is-type-video is-provider-youtube wp-block-embed-youtube wp-embed-aspect-16-9 wp-has-aspect-ratio\"><div class=\"wp-block-embed__wrapper\">\n<iframe loading=\"lazy\" title=\"La oposici\u00f3n haitiana nombra al juez Joseph M\u00e9c\u00e8ne Jean-Louis &quot;presidente de transici\u00f3n&quot;\" width=\"625\" height=\"352\" src=\"https:\/\/www.youtube.com\/embed\/IgbpaHiLWvM?feature=oembed\" frameborder=\"0\" allow=\"accelerometer; autoplay; clipboard-write; encrypted-media; gyroscope; picture-in-picture; web-share\" referrerpolicy=\"strict-origin-when-cross-origin\" allowfullscreen><\/iframe>\n<\/div><\/figure>\n","protected":false},"excerpt":{"rendered":"","protected":false},"author":1,"featured_media":0,"comment_status":"closed","ping_status":"closed","sticky":false,"template":"","format":"standard","meta":{"_exactmetrics_skip_tracking":false,"_exactmetrics_sitenote_active":false,"_exactmetrics_sitenote_note":"","_exactmetrics_sitenote_category":0,"ngg_post_thumbnail":0,"footnotes":""},"categories":[1243,1223,1199,1304],"tags":[],"class_list":["post-208256","post","type-post","status-publish","format-standard","hentry","category-institucionalidad","category-mundo-politico","category-proyecciones-drogas-y-crimen-malas-practicas","category-rebelion"],"_links":{"self":[{"href":"https:\/\/reddeportiva.net\/principal\/index.php?rest_route=\/wp\/v2\/posts\/208256","targetHints":{"allow":["GET"]}}],"collection":[{"href":"https:\/\/reddeportiva.net\/principal\/index.php?rest_route=\/wp\/v2\/posts"}],"about":[{"href":"https:\/\/reddeportiva.net\/principal\/index.php?rest_route=\/wp\/v2\/types\/post"}],"author":[{"embeddable":true,"href":"https:\/\/reddeportiva.net\/principal\/index.php?rest_route=\/wp\/v2\/users\/1"}],"replies":[{"embeddable":true,"href":"https:\/\/reddeportiva.net\/principal\/index.php?rest_route=%2Fwp%2Fv2%2Fcomments&post=208256"}],"version-history":[{"count":1,"href":"https:\/\/reddeportiva.net\/principal\/index.php?rest_route=\/wp\/v2\/posts\/208256\/revisions"}],"predecessor-version":[{"id":208257,"href":"https:\/\/reddeportiva.net\/principal\/index.php?rest_route=\/wp\/v2\/posts\/208256\/revisions\/208257"}],"wp:attachment":[{"href":"https:\/\/reddeportiva.net\/principal\/index.php?rest_route=%2Fwp%2Fv2%2Fmedia&parent=208256"}],"wp:term":[{"taxonomy":"category","embeddable":true,"href":"https:\/\/reddeportiva.net\/principal\/index.php?rest_route=%2Fwp%2Fv2%2Fcategories&post=208256"},{"taxonomy":"post_tag","embeddable":true,"href":"https:\/\/reddeportiva.net\/principal\/index.php?rest_route=%2Fwp%2Fv2%2Ftags&post=208256"}],"curies":[{"name":"wp","href":"https:\/\/api.w.org\/{rel}","templated":true}]}}