{"id":206219,"date":"2021-02-01T07:43:26","date_gmt":"2021-02-01T12:43:26","guid":{"rendered":"http:\/\/reddeportiva.net\/principal\/?p=206219"},"modified":"2021-02-01T07:43:28","modified_gmt":"2021-02-01T12:43:28","slug":"porras-gases-lacrimogenos-y-canones-de-agua-contra-los-manifestantes-en-paris","status":"publish","type":"post","link":"https:\/\/reddeportiva.net\/principal\/?p=206219","title":{"rendered":"Porras, gases lacrim\u00f3genos y ca\u00f1ones de agua contra los manifestantes en Par\u00eds"},"content":{"rendered":"\n<figure class=\"wp-block-embed is-type-video is-provider-youtube wp-block-embed-youtube wp-embed-aspect-16-9 wp-has-aspect-ratio\"><div class=\"wp-block-embed__wrapper\">\n<iframe loading=\"lazy\" title=\"Porras, gases lacrim\u00f3genos y ca\u00f1ones de agua contra los manifestantes en Par\u00eds\" width=\"625\" height=\"352\" src=\"https:\/\/www.youtube.com\/embed\/vj4DDH2kxFY?feature=oembed\" frameborder=\"0\" allow=\"accelerometer; autoplay; clipboard-write; encrypted-media; gyroscope; picture-in-picture; web-share\" referrerpolicy=\"strict-origin-when-cross-origin\" allowfullscreen><\/iframe>\n<\/div><\/figure>\n","protected":false},"excerpt":{"rendered":"","protected":false},"author":1,"featured_media":0,"comment_status":"closed","ping_status":"closed","sticky":false,"template":"","format":"standard","meta":{"_exactmetrics_skip_tracking":false,"_exactmetrics_sitenote_active":false,"_exactmetrics_sitenote_note":"","_exactmetrics_sitenote_category":0,"ngg_post_thumbnail":0,"footnotes":""},"categories":[1279,1199,659],"tags":[],"class_list":["post-206219","post","type-post","status-publish","format-standard","hentry","category-personales-proyecciones","category-proyecciones-drogas-y-crimen-malas-practicas","category-proyecciones-seguridad"],"_links":{"self":[{"href":"https:\/\/reddeportiva.net\/principal\/index.php?rest_route=\/wp\/v2\/posts\/206219","targetHints":{"allow":["GET"]}}],"collection":[{"href":"https:\/\/reddeportiva.net\/principal\/index.php?rest_route=\/wp\/v2\/posts"}],"about":[{"href":"https:\/\/reddeportiva.net\/principal\/index.php?rest_route=\/wp\/v2\/types\/post"}],"author":[{"embeddable":true,"href":"https:\/\/reddeportiva.net\/principal\/index.php?rest_route=\/wp\/v2\/users\/1"}],"replies":[{"embeddable":true,"href":"https:\/\/reddeportiva.net\/principal\/index.php?rest_route=%2Fwp%2Fv2%2Fcomments&post=206219"}],"version-history":[{"count":1,"href":"https:\/\/reddeportiva.net\/principal\/index.php?rest_route=\/wp\/v2\/posts\/206219\/revisions"}],"predecessor-version":[{"id":206220,"href":"https:\/\/reddeportiva.net\/principal\/index.php?rest_route=\/wp\/v2\/posts\/206219\/revisions\/206220"}],"wp:attachment":[{"href":"https:\/\/reddeportiva.net\/principal\/index.php?rest_route=%2Fwp%2Fv2%2Fmedia&parent=206219"}],"wp:term":[{"taxonomy":"category","embeddable":true,"href":"https:\/\/reddeportiva.net\/principal\/index.php?rest_route=%2Fwp%2Fv2%2Fcategories&post=206219"},{"taxonomy":"post_tag","embeddable":true,"href":"https:\/\/reddeportiva.net\/principal\/index.php?rest_route=%2Fwp%2Fv2%2Ftags&post=206219"}],"curies":[{"name":"wp","href":"https:\/\/api.w.org\/{rel}","templated":true}]}}