{"id":205756,"date":"2021-01-30T09:16:12","date_gmt":"2021-01-30T14:16:12","guid":{"rendered":"http:\/\/reddeportiva.net\/principal\/?p=205756"},"modified":"2021-01-30T09:16:14","modified_gmt":"2021-01-30T14:16:14","slug":"colapso-sanitario-en-portugal-que-vive-el-momento-mas-critico-desde-que-empezo-la-pandemia-rtve","status":"publish","type":"post","link":"https:\/\/reddeportiva.net\/principal\/?p=205756","title":{"rendered":"COLAPSO sanitario en PORTUGAL, que vive el momento M\u00c1S CR\u00cdTICO desde que empez\u00f3 la pandemia | RTVE"},"content":{"rendered":"\n<figure class=\"wp-block-embed is-type-video is-provider-youtube wp-block-embed-youtube wp-embed-aspect-16-9 wp-has-aspect-ratio\"><div class=\"wp-block-embed__wrapper\">\n<iframe loading=\"lazy\" title=\"COLAPSO sanitario en PORTUGAL, que vive el momento M\u00c1S CR\u00cdTICO desde que empez\u00f3 la pandemia | RTVE\" width=\"625\" height=\"352\" src=\"https:\/\/www.youtube.com\/embed\/Hsfj8qAaonw?feature=oembed\" frameborder=\"0\" allow=\"accelerometer; autoplay; clipboard-write; encrypted-media; gyroscope; picture-in-picture; web-share\" referrerpolicy=\"strict-origin-when-cross-origin\" allowfullscreen><\/iframe>\n<\/div><\/figure>\n","protected":false},"excerpt":{"rendered":"","protected":false},"author":1,"featured_media":0,"comment_status":"closed","ping_status":"closed","sticky":false,"template":"","format":"standard","meta":{"_exactmetrics_skip_tracking":false,"_exactmetrics_sitenote_active":false,"_exactmetrics_sitenote_note":"","_exactmetrics_sitenote_category":0,"ngg_post_thumbnail":0,"footnotes":""},"categories":[1269,1284,1279,584],"tags":[],"class_list":["post-205756","post","type-post","status-publish","format-standard","hentry","category-gestion-proyecciones","category-higiene-salud","category-personales-proyecciones","category-proyecciones-salud"],"_links":{"self":[{"href":"https:\/\/reddeportiva.net\/principal\/index.php?rest_route=\/wp\/v2\/posts\/205756","targetHints":{"allow":["GET"]}}],"collection":[{"href":"https:\/\/reddeportiva.net\/principal\/index.php?rest_route=\/wp\/v2\/posts"}],"about":[{"href":"https:\/\/reddeportiva.net\/principal\/index.php?rest_route=\/wp\/v2\/types\/post"}],"author":[{"embeddable":true,"href":"https:\/\/reddeportiva.net\/principal\/index.php?rest_route=\/wp\/v2\/users\/1"}],"replies":[{"embeddable":true,"href":"https:\/\/reddeportiva.net\/principal\/index.php?rest_route=%2Fwp%2Fv2%2Fcomments&post=205756"}],"version-history":[{"count":1,"href":"https:\/\/reddeportiva.net\/principal\/index.php?rest_route=\/wp\/v2\/posts\/205756\/revisions"}],"predecessor-version":[{"id":205757,"href":"https:\/\/reddeportiva.net\/principal\/index.php?rest_route=\/wp\/v2\/posts\/205756\/revisions\/205757"}],"wp:attachment":[{"href":"https:\/\/reddeportiva.net\/principal\/index.php?rest_route=%2Fwp%2Fv2%2Fmedia&parent=205756"}],"wp:term":[{"taxonomy":"category","embeddable":true,"href":"https:\/\/reddeportiva.net\/principal\/index.php?rest_route=%2Fwp%2Fv2%2Fcategories&post=205756"},{"taxonomy":"post_tag","embeddable":true,"href":"https:\/\/reddeportiva.net\/principal\/index.php?rest_route=%2Fwp%2Fv2%2Ftags&post=205756"}],"curies":[{"name":"wp","href":"https:\/\/api.w.org\/{rel}","templated":true}]}}