{"id":202818,"date":"2021-01-19T19:21:57","date_gmt":"2021-01-20T00:21:57","guid":{"rendered":"http:\/\/reddeportiva.net\/principal\/?p=202818"},"modified":"2021-01-19T19:21:59","modified_gmt":"2021-01-20T00:21:59","slug":"indonesia-semana-tragica-con-terremoto-volcan-en-erupcion-inundaciones-y-accidente-aereo-i-rtve","status":"publish","type":"post","link":"https:\/\/reddeportiva.net\/principal\/?p=202818","title":{"rendered":"INDONESIA: Semana TR\u00c1GICA, con TERREMOTO, volc\u00e1n en ERUPCI\u00d3N, INUNDACIONES y accidente A\u00c9REO I RTVE"},"content":{"rendered":"\n<figure class=\"wp-block-embed is-type-video is-provider-youtube wp-block-embed-youtube wp-embed-aspect-16-9 wp-has-aspect-ratio\"><div class=\"wp-block-embed__wrapper\">\n<iframe loading=\"lazy\" title=\"INDONESIA: Semana TR\u00c1GICA, con TERREMOTO, volc\u00e1n en ERUPCI\u00d3N, INUNDACIONES y accidente A\u00c9REO I RTVE\" width=\"625\" height=\"352\" src=\"https:\/\/www.youtube.com\/embed\/4NxQj2R5HCk?feature=oembed\" frameborder=\"0\" allow=\"accelerometer; autoplay; clipboard-write; encrypted-media; gyroscope; picture-in-picture; web-share\" referrerpolicy=\"strict-origin-when-cross-origin\" allowfullscreen><\/iframe>\n<\/div><\/figure>\n","protected":false},"excerpt":{"rendered":"","protected":false},"author":1,"featured_media":0,"comment_status":"closed","ping_status":"closed","sticky":false,"template":"","format":"standard","meta":{"_exactmetrics_skip_tracking":false,"_exactmetrics_sitenote_active":false,"_exactmetrics_sitenote_note":"","_exactmetrics_sitenote_category":0,"ngg_post_thumbnail":0,"footnotes":""},"categories":[1254,1261,1264,1218,779,286,1257],"tags":[],"class_list":["post-202818","post","type-post","status-publish","format-standard","hentry","category-cambio-climatico-ambiente","category-emergencias-ambiente","category-mundo-natural","category-proteccion-naturaleza-ambiente","category-proyecciones","category-proyecciones-ambiente","category-reciclaje-ambiente"],"_links":{"self":[{"href":"https:\/\/reddeportiva.net\/principal\/index.php?rest_route=\/wp\/v2\/posts\/202818","targetHints":{"allow":["GET"]}}],"collection":[{"href":"https:\/\/reddeportiva.net\/principal\/index.php?rest_route=\/wp\/v2\/posts"}],"about":[{"href":"https:\/\/reddeportiva.net\/principal\/index.php?rest_route=\/wp\/v2\/types\/post"}],"author":[{"embeddable":true,"href":"https:\/\/reddeportiva.net\/principal\/index.php?rest_route=\/wp\/v2\/users\/1"}],"replies":[{"embeddable":true,"href":"https:\/\/reddeportiva.net\/principal\/index.php?rest_route=%2Fwp%2Fv2%2Fcomments&post=202818"}],"version-history":[{"count":1,"href":"https:\/\/reddeportiva.net\/principal\/index.php?rest_route=\/wp\/v2\/posts\/202818\/revisions"}],"predecessor-version":[{"id":202819,"href":"https:\/\/reddeportiva.net\/principal\/index.php?rest_route=\/wp\/v2\/posts\/202818\/revisions\/202819"}],"wp:attachment":[{"href":"https:\/\/reddeportiva.net\/principal\/index.php?rest_route=%2Fwp%2Fv2%2Fmedia&parent=202818"}],"wp:term":[{"taxonomy":"category","embeddable":true,"href":"https:\/\/reddeportiva.net\/principal\/index.php?rest_route=%2Fwp%2Fv2%2Fcategories&post=202818"},{"taxonomy":"post_tag","embeddable":true,"href":"https:\/\/reddeportiva.net\/principal\/index.php?rest_route=%2Fwp%2Fv2%2Ftags&post=202818"}],"curies":[{"name":"wp","href":"https:\/\/api.w.org\/{rel}","templated":true}]}}