{"id":202784,"date":"2021-01-19T11:59:28","date_gmt":"2021-01-19T16:59:28","guid":{"rendered":"http:\/\/reddeportiva.net\/principal\/?p=202784"},"modified":"2021-01-19T11:59:30","modified_gmt":"2021-01-19T16:59:30","slug":"en-el-mundo-la-vacunacion-avanza-y-la-oms-pide-un-reparto-mas-equitativo-entre-paises-rtve","status":"publish","type":"post","link":"https:\/\/reddeportiva.net\/principal\/?p=202784","title":{"rendered":"En el MUNDO la VACUNACI\u00d3N avanza y la OMS pide un reparto m\u00e1s EQUITATIVO entre PA\u00cdSES | RTVE"},"content":{"rendered":"\n<figure class=\"wp-block-embed is-type-video is-provider-youtube wp-block-embed-youtube wp-embed-aspect-16-9 wp-has-aspect-ratio\"><div class=\"wp-block-embed__wrapper\">\n<iframe loading=\"lazy\" title=\"En el MUNDO la VACUNACI\u00d3N  avanza y la OMS pide un reparto m\u00e1s EQUITATIVO entre PA\u00cdSES | RTVE\" width=\"625\" height=\"352\" src=\"https:\/\/www.youtube.com\/embed\/7xHDTi3qG1k?feature=oembed\" frameborder=\"0\" allow=\"accelerometer; autoplay; clipboard-write; encrypted-media; gyroscope; picture-in-picture; web-share\" referrerpolicy=\"strict-origin-when-cross-origin\" allowfullscreen><\/iframe>\n<\/div><\/figure>\n","protected":false},"excerpt":{"rendered":"","protected":false},"author":1,"featured_media":0,"comment_status":"closed","ping_status":"closed","sticky":false,"template":"","format":"standard","meta":{"_exactmetrics_skip_tracking":false,"_exactmetrics_sitenote_active":false,"_exactmetrics_sitenote_note":"","_exactmetrics_sitenote_category":0,"ngg_post_thumbnail":0,"footnotes":""},"categories":[1278,1275,1269,1284,1286,1280,584,1285,1252,1274,94,1224,1227,1287,1228],"tags":[],"class_list":["post-202784","post","type-post","status-publish","format-standard","hentry","category-accion-politica-proyecciones","category-civismo-proyecciones","category-gestion-proyecciones","category-higiene-salud","category-integridad","category-presupuestos-finanzas","category-proyecciones-salud","category-reciprocidad-proyecciones","category-respeto","category-responsabilidad","category-salud-mental","category-solidaridad","category-testeo-salud","category-transparencia","category-vacunas-salud"],"_links":{"self":[{"href":"https:\/\/reddeportiva.net\/principal\/index.php?rest_route=\/wp\/v2\/posts\/202784","targetHints":{"allow":["GET"]}}],"collection":[{"href":"https:\/\/reddeportiva.net\/principal\/index.php?rest_route=\/wp\/v2\/posts"}],"about":[{"href":"https:\/\/reddeportiva.net\/principal\/index.php?rest_route=\/wp\/v2\/types\/post"}],"author":[{"embeddable":true,"href":"https:\/\/reddeportiva.net\/principal\/index.php?rest_route=\/wp\/v2\/users\/1"}],"replies":[{"embeddable":true,"href":"https:\/\/reddeportiva.net\/principal\/index.php?rest_route=%2Fwp%2Fv2%2Fcomments&post=202784"}],"version-history":[{"count":1,"href":"https:\/\/reddeportiva.net\/principal\/index.php?rest_route=\/wp\/v2\/posts\/202784\/revisions"}],"predecessor-version":[{"id":202785,"href":"https:\/\/reddeportiva.net\/principal\/index.php?rest_route=\/wp\/v2\/posts\/202784\/revisions\/202785"}],"wp:attachment":[{"href":"https:\/\/reddeportiva.net\/principal\/index.php?rest_route=%2Fwp%2Fv2%2Fmedia&parent=202784"}],"wp:term":[{"taxonomy":"category","embeddable":true,"href":"https:\/\/reddeportiva.net\/principal\/index.php?rest_route=%2Fwp%2Fv2%2Fcategories&post=202784"},{"taxonomy":"post_tag","embeddable":true,"href":"https:\/\/reddeportiva.net\/principal\/index.php?rest_route=%2Fwp%2Fv2%2Ftags&post=202784"}],"curies":[{"name":"wp","href":"https:\/\/api.w.org\/{rel}","templated":true}]}}