{"id":20211,"date":"2017-09-01T13:48:36","date_gmt":"2017-09-01T18:48:36","guid":{"rendered":"http:\/\/reddeportiva.net\/principal\/?p=20211"},"modified":"2017-09-01T13:48:36","modified_gmt":"2017-09-01T18:48:36","slug":"2017-ipc-general-assembly-and-conference","status":"publish","type":"post","link":"https:\/\/reddeportiva.net\/principal\/?p=20211","title":{"rendered":"2017 IPC General Assembly and Conference"},"content":{"rendered":"<p>Evento muy importante para la organizaci\u00f3n de las actividades deportivas y su gesti\u00f3n.<\/p>\n<p>En el siguiente enlace encontrar\u00e1 direcciones URL de las reuniones que se realizar\u00e1n con indicaci\u00f3n de fechas y horas<\/p>\n<p><a href=\"https:\/\/www.youtube.com\/user\/ParalympicSportTV\/videos?live_view=502&amp;shelf_id=66&amp;view=2&amp;sort=dd\">https:\/\/www.youtube.com\/user\/ParalympicSportTV\/videos?live_view=502&amp;shelf_id=66&amp;view=2&amp;sort=dd<\/a><\/p>\n","protected":false},"excerpt":{"rendered":"<p>Evento muy importante para la organizaci\u00f3n de las actividades deportivas y su gesti\u00f3n. En el siguiente enlace encontrar\u00e1 direcciones URL de las reuniones que se realizar\u00e1n con indicaci\u00f3n de fechas y horas https:\/\/www.youtube.com\/user\/ParalympicSportTV\/videos?live_view=502&amp;shelf_id=66&amp;view=2&amp;sort=dd<\/p>\n","protected":false},"author":1,"featured_media":0,"comment_status":"open","ping_status":"open","sticky":false,"template":"","format":"standard","meta":{"_exactmetrics_skip_tracking":false,"_exactmetrics_sitenote_active":false,"_exactmetrics_sitenote_note":"","_exactmetrics_sitenote_category":0,"ngg_post_thumbnail":0,"footnotes":""},"categories":[199,64],"tags":[252],"class_list":["post-20211","post","type-post","status-publish","format-standard","hentry","category-ipc","category-paraolimpicos","tag-ipc-general-assembly-and-conference"],"_links":{"self":[{"href":"https:\/\/reddeportiva.net\/principal\/index.php?rest_route=\/wp\/v2\/posts\/20211","targetHints":{"allow":["GET"]}}],"collection":[{"href":"https:\/\/reddeportiva.net\/principal\/index.php?rest_route=\/wp\/v2\/posts"}],"about":[{"href":"https:\/\/reddeportiva.net\/principal\/index.php?rest_route=\/wp\/v2\/types\/post"}],"author":[{"embeddable":true,"href":"https:\/\/reddeportiva.net\/principal\/index.php?rest_route=\/wp\/v2\/users\/1"}],"replies":[{"embeddable":true,"href":"https:\/\/reddeportiva.net\/principal\/index.php?rest_route=%2Fwp%2Fv2%2Fcomments&post=20211"}],"version-history":[{"count":1,"href":"https:\/\/reddeportiva.net\/principal\/index.php?rest_route=\/wp\/v2\/posts\/20211\/revisions"}],"predecessor-version":[{"id":20212,"href":"https:\/\/reddeportiva.net\/principal\/index.php?rest_route=\/wp\/v2\/posts\/20211\/revisions\/20212"}],"wp:attachment":[{"href":"https:\/\/reddeportiva.net\/principal\/index.php?rest_route=%2Fwp%2Fv2%2Fmedia&parent=20211"}],"wp:term":[{"taxonomy":"category","embeddable":true,"href":"https:\/\/reddeportiva.net\/principal\/index.php?rest_route=%2Fwp%2Fv2%2Fcategories&post=20211"},{"taxonomy":"post_tag","embeddable":true,"href":"https:\/\/reddeportiva.net\/principal\/index.php?rest_route=%2Fwp%2Fv2%2Ftags&post=20211"}],"curies":[{"name":"wp","href":"https:\/\/api.w.org\/{rel}","templated":true}]}}